{"id":4410,"date":"2019-07-28T12:12:04","date_gmt":"2019-07-28T10:12:04","guid":{"rendered":"http:\/\/lesmaconsdelacreuse.fr\/annuaire\/?p=4410"},"modified":"2020-01-20T11:29:57","modified_gmt":"2020-01-20T10:29:57","slug":"s_310","status":"publish","type":"post","link":"https:\/\/www.lesmaconsdelacreuse.fr\/annuaires\/lettre-s\/s_310\/","title":{"rendered":"SUCHEIX Fernand (1897-apr\u00e8s 1930)"},"content":{"rendered":"<p class=\"last-updated\"><strong>Mis \u00e0 jour le :<\/strong> 30\/04\/2026<\/p><h2 style=\"text-align: center;\"><strong>Fernand SUCHEIX<\/strong><\/h2>\n<p style=\"text-align: center;\"><strong>1897 \u2013 apr\u00e8s 1930<\/strong><\/p>\n<p style=\"text-align: center;\"><img loading=\"lazy\" decoding=\"async\" class=\"\" title=\"\" src=\"https:\/\/lesmaconsdelacreuse.fr\/annuaire\/wp-content\/uploads\/2019\/07\/image1-926.jpg\" alt=\"\" width=\"201\" height=\"105\" data-asset-id=\"4407\" data-source-id=\"i.0\" \/><\/p>\n<h4 style=\"text-align: center;\"><span style=\"color: #008000;\"><strong>ma\u00e7on <\/strong>et<\/span> <span style=\"color: #008000;\"><strong>pl\u00e2trier<\/strong><\/span><\/h4>\n<p style=\"text-align: center;\">n\u00e9 \u00e0 La Courri\u00e8re (Mansat)<\/p>\n<p style=\"text-align: center;\">le 24 septembre 1897<\/p>\n<p style=\"text-align: center;\">fils de<\/p>\n<p style=\"text-align: center;\">Jacques SUCHEIX, <span style=\"color: #008000;\"><strong>ma\u00e7on<\/strong><\/span><\/p>\n<p style=\"text-align: center;\">Marie VACHERESSE, cultivatrice<\/p>\n<p style=\"text-align: center;\"><span style=\"color: #ffffff;\">\u25d9<\/span><\/p>\n<p><em>Fernand habite Morterolles avec ses parents.<\/em><\/p>\n<p><strong>En 1922<\/strong><em>, il travaille \u00e0 <\/em><span style=\"color: #0000ff;\"><strong>Paris (75)<\/strong><\/span><em>, et loge 188, avenue de Clichy. <\/em><\/p>\n<p><em> Il \u00e9pouse Fernande <\/em><strong>LENOIR<\/strong><em> le 17 mars <\/em><strong>1923<\/strong><em> \u00e0 Saint-Pierre-le-Bost (mari\u00e9s sans contrat). <\/em><\/p>\n<p><strong>En 1927<\/strong><em>, il habite Paris, 166, boulevard de Charonne, et les \u00e9poux divorcent.<\/em><\/p>\n<p><strong>en 1930<\/strong><em>, Fernand est 96, rue de Bagnolet.<\/em><\/p>\n<p><em>Fernande se remarie en 1933 \u00e0 Saint-Pierre-Bellevue, avec Andr\u00e9 LAVERGNE, et d\u00e9c\u00e8de le 21 f\u00e9vrier 1988 \u00e0 Saint-Vaury, \u00e2g\u00e9e de 88 ans.<\/em><\/p>\n","protected":false},"excerpt":{"rendered":"<p>Mis \u00e0 jour le : 30\/04\/2026Fernand SUCHEIX 1897 \u2013 apr\u00e8s 1930 ma\u00e7on et pl\u00e2trier n\u00e9 \u00e0 La Courri\u00e8re (Mansat) le 24 septembre 1897 fils de Jacques SUCHEIX, ma\u00e7on Marie VACHERESSE, cultivatrice \u25d9 Fernand habite Morterolles avec ses parents. En 1922, il travaille \u00e0 Paris (75), et loge 188, avenue de Clichy. Il \u00e9pouse Fernande LENOIR ..<\/p>\n<div class=\"clear-fix\"><\/div>\n<p><a href=\"https:\/\/www.lesmaconsdelacreuse.fr\/annuaires\/lettre-s\/s_310\/\" title=\"Lire la suite...\">Lire la suite<\/a><\/p>\n","protected":false},"author":2,"featured_media":0,"comment_status":"closed","ping_status":"closed","sticky":false,"template":"","format":"standard","meta":{"_acf_changed":false,"_exactmetrics_skip_tracking":false,"_exactmetrics_sitenote_active":false,"_exactmetrics_sitenote_note":"","_exactmetrics_sitenote_category":0,"footnotes":""},"categories":[12],"tags":[],"class_list":["post-4410","post","type-post","status-publish","format-standard","hentry","category-lettre-s"],"acf":[],"_links":{"self":[{"href":"https:\/\/www.lesmaconsdelacreuse.fr\/annuaires\/wp-json\/wp\/v2\/posts\/4410","targetHints":{"allow":["GET"]}}],"collection":[{"href":"https:\/\/www.lesmaconsdelacreuse.fr\/annuaires\/wp-json\/wp\/v2\/posts"}],"about":[{"href":"https:\/\/www.lesmaconsdelacreuse.fr\/annuaires\/wp-json\/wp\/v2\/types\/post"}],"author":[{"embeddable":true,"href":"https:\/\/www.lesmaconsdelacreuse.fr\/annuaires\/wp-json\/wp\/v2\/users\/2"}],"replies":[{"embeddable":true,"href":"https:\/\/www.lesmaconsdelacreuse.fr\/annuaires\/wp-json\/wp\/v2\/comments?post=4410"}],"version-history":[{"count":0,"href":"https:\/\/www.lesmaconsdelacreuse.fr\/annuaires\/wp-json\/wp\/v2\/posts\/4410\/revisions"}],"wp:attachment":[{"href":"https:\/\/www.lesmaconsdelacreuse.fr\/annuaires\/wp-json\/wp\/v2\/media?parent=4410"}],"wp:term":[{"taxonomy":"category","embeddable":true,"href":"https:\/\/www.lesmaconsdelacreuse.fr\/annuaires\/wp-json\/wp\/v2\/categories?post=4410"},{"taxonomy":"post_tag","embeddable":true,"href":"https:\/\/www.lesmaconsdelacreuse.fr\/annuaires\/wp-json\/wp\/v2\/tags?post=4410"}],"curies":[{"name":"wp","href":"https:\/\/api.w.org\/{rel}","templated":true}]}}