{"id":4412,"date":"2019-07-28T12:12:04","date_gmt":"2019-07-28T10:12:04","guid":{"rendered":"http:\/\/lesmaconsdelacreuse.fr\/annuaire\/?p=4412"},"modified":"2020-01-20T11:29:57","modified_gmt":"2020-01-20T10:29:57","slug":"s_308","status":"publish","type":"post","link":"https:\/\/www.lesmaconsdelacreuse.fr\/annuaires\/lettre-s\/s_308\/","title":{"rendered":"SUCHEIX Auguste (1898-1979)"},"content":{"rendered":"<p class=\"last-updated\"><strong>Mis \u00e0 jour le :<\/strong> 30\/04\/2026<\/p><h2 style=\"text-align: center;\"><strong>Auguste SUCHEIX<\/strong><\/h2>\n<p style=\"text-align: center;\"><strong>1898 \u2013 1979<\/strong><\/p>\n<p style=\"text-align: center;\"><img decoding=\"async\" title=\"\" src=\"https:\/\/lesmaconsdelacreuse.fr\/annuaire\/wp-content\/uploads\/2019\/07\/image1-48.png\" alt=\"\" data-asset-id=\"4409\" data-source-id=\"i.0\" \/><\/p>\n<h4 style=\"text-align: center;\"><span style=\"color: #008000;\"><strong>ma\u00e7on<\/strong><\/span><\/h4>\n<p style=\"text-align: center;\">n\u00e9 au bourg de Morterolles<\/p>\n<p style=\"text-align: center;\">le 21 d\u00e9cembre 1898<\/p>\n<p style=\"text-align: center;\">fils de<\/p>\n<p style=\"text-align: center;\">Jacques SUCHEIX,<span style=\"color: #008000;\"><strong> ma\u00e7on<\/strong><\/span><\/p>\n<p style=\"text-align: center;\">Marie VACHERESSE, cultivatrice<\/p>\n<p style=\"text-align: center;\"><span style=\"color: #ffffff;\">\u25d9<\/span><\/p>\n<p><em>Auguste \u00e9pouse M\u00e9lanie <\/em><strong>COUSSEIROUX<\/strong><em> le 13 juin <\/em><strong>1925<\/strong> <em>\u00e0 Morterolles.<\/em><\/p>\n<p><strong>En 1955<\/strong><em>, ils divorcent . <\/em><\/p>\n<p><em>Ils d\u00e9c\u00e8dent\u00a0:<\/em><\/p>\n<ul>\n<li><em>Auguste, \u00e0 Bourganeuf, le 19 novembre<\/em> <strong>1979<\/strong><em>, \u00e2g\u00e9 de 80 ans<\/em><\/li>\n<li><em>M\u00e9lanie, \u00e0 N\u00eemes (30), le 24 avril<\/em> <em>2006, \u00e2g\u00e9e de 97 ans<\/em><\/li>\n<\/ul>\n","protected":false},"excerpt":{"rendered":"<p>Mis \u00e0 jour le : 30\/04\/2026Auguste SUCHEIX 1898 \u2013 1979 ma\u00e7on n\u00e9 au bourg de Morterolles le 21 d\u00e9cembre 1898 fils de Jacques SUCHEIX, ma\u00e7on Marie VACHERESSE, cultivatrice \u25d9 Auguste \u00e9pouse M\u00e9lanie COUSSEIROUX le 13 juin 1925 \u00e0 Morterolles. En 1955, ils divorcent . Ils d\u00e9c\u00e8dent\u00a0: Auguste, \u00e0 Bourganeuf, le 19 novembre 1979, \u00e2g\u00e9 de ..<\/p>\n<div class=\"clear-fix\"><\/div>\n<p><a href=\"https:\/\/www.lesmaconsdelacreuse.fr\/annuaires\/lettre-s\/s_308\/\" title=\"Lire la suite...\">Lire la suite<\/a><\/p>\n","protected":false},"author":2,"featured_media":0,"comment_status":"closed","ping_status":"closed","sticky":false,"template":"","format":"standard","meta":{"_acf_changed":false,"_exactmetrics_skip_tracking":false,"_exactmetrics_sitenote_active":false,"_exactmetrics_sitenote_note":"","_exactmetrics_sitenote_category":0,"footnotes":""},"categories":[12],"tags":[],"class_list":["post-4412","post","type-post","status-publish","format-standard","hentry","category-lettre-s"],"acf":[],"_links":{"self":[{"href":"https:\/\/www.lesmaconsdelacreuse.fr\/annuaires\/wp-json\/wp\/v2\/posts\/4412","targetHints":{"allow":["GET"]}}],"collection":[{"href":"https:\/\/www.lesmaconsdelacreuse.fr\/annuaires\/wp-json\/wp\/v2\/posts"}],"about":[{"href":"https:\/\/www.lesmaconsdelacreuse.fr\/annuaires\/wp-json\/wp\/v2\/types\/post"}],"author":[{"embeddable":true,"href":"https:\/\/www.lesmaconsdelacreuse.fr\/annuaires\/wp-json\/wp\/v2\/users\/2"}],"replies":[{"embeddable":true,"href":"https:\/\/www.lesmaconsdelacreuse.fr\/annuaires\/wp-json\/wp\/v2\/comments?post=4412"}],"version-history":[{"count":0,"href":"https:\/\/www.lesmaconsdelacreuse.fr\/annuaires\/wp-json\/wp\/v2\/posts\/4412\/revisions"}],"wp:attachment":[{"href":"https:\/\/www.lesmaconsdelacreuse.fr\/annuaires\/wp-json\/wp\/v2\/media?parent=4412"}],"wp:term":[{"taxonomy":"category","embeddable":true,"href":"https:\/\/www.lesmaconsdelacreuse.fr\/annuaires\/wp-json\/wp\/v2\/categories?post=4412"},{"taxonomy":"post_tag","embeddable":true,"href":"https:\/\/www.lesmaconsdelacreuse.fr\/annuaires\/wp-json\/wp\/v2\/tags?post=4412"}],"curies":[{"name":"wp","href":"https:\/\/api.w.org\/{rel}","templated":true}]}}