{"id":4415,"date":"2019-07-28T12:12:04","date_gmt":"2019-07-28T10:12:04","guid":{"rendered":"http:\/\/lesmaconsdelacreuse.fr\/annuaire\/?p=4415"},"modified":"2020-09-23T09:34:17","modified_gmt":"2020-09-23T07:34:17","slug":"s_302","status":"publish","type":"post","link":"https:\/\/www.lesmaconsdelacreuse.fr\/annuaires\/lettre-s\/s_302\/","title":{"rendered":"SOMNOLET Jean (1865-1949)"},"content":{"rendered":"<p class=\"last-updated\"><strong>Mis \u00e0 jour le :<\/strong> 30\/04\/2026<\/p><h2 style=\"text-align: center;\"><strong>Jean SOMNOLET<\/strong><\/h2>\n<p style=\"text-align: center;\"><strong>1865 \u2013 1949<\/strong><\/p>\n<p style=\"text-align: center;\"><img decoding=\"async\" title=\"\" src=\"https:\/\/lesmaconsdelacreuse.fr\/annuaire\/wp-content\/uploads\/2019\/07\/image1-928.jpg\" alt=\"\" data-asset-id=\"4413\" data-source-id=\"i.0\" \/><\/p>\n<h4 style=\"text-align: center;\"><span style=\"color: #008000;\"><strong>ma\u00e7on<\/strong><\/span><\/h4>\n<p>&nbsp;<\/p>\n<p style=\"text-align: center;\">n\u00e9 \u00e0 La Vialle (Peyrat-le-Ch\u00e2teau &#8211; 87)<\/p>\n<p style=\"text-align: center;\">le 30 mars 1865<\/p>\n<p style=\"text-align: center;\">fils de<\/p>\n<p style=\"text-align: center;\">Guillaume SOMNOLET \/ Marie MANANT<\/p>\n<p style=\"text-align: center;\"><span style=\"color: #ffffff;\">\u25d9<\/span><\/p>\n<p><strong>En 1886<\/strong><em>, Jean est dispens\u00e9 de service militaire, comme fils a\u00een\u00e9 de veuve.<\/em><\/p>\n<p><strong>En 1888<\/strong><em>, il travaille \u00e0 <\/em><span style=\"color: #0000ff;\"><strong>Lyon (69)<\/strong><\/span><em>, et loge 20, rue Paul Bert.<\/em><\/p>\n<p><em>Il \u00e9pouse Anna <\/em><strong>LAIN\u00c9<\/strong><em> le 15 f\u00e9vrier <\/em><strong>1890<\/strong><em> \u00e0 Saint-Martin-Ch\u00e2teau (contrat Tramonteil \u00e0 Peyrat). Le couple habite d\u2019abord le village de La Seauve.<\/em><\/p>\n<p><strong>D\u00e8s 1891<\/strong><em>, Jean travaille \u00e0 <\/em><span style=\"color: #0000ff;\"><strong>V\u00e9nissieux (69)<\/strong><\/span><em>\u00a0;<\/em><\/p>\n<p><strong>en 1897<\/strong><em>, il y loge rue du Pav\u00e9.<\/em><\/p>\n<p><strong>\u25ba<span style=\"color: #000000;\"> <a style=\"color: #000000;\" href=\"https:\/\/www.lesmaconsdelacreuse.fr\/annuaires\/wp-content\/uploads\/2019\/07\/1898-Cr\u00e9ation-de-Soci\u00e9t\u00e9-Jean-SOMNOLET.jpg\" target=\"_blank\" rel=\"noopener noreferrer\">Le 21 mars 1898<\/a><\/span><\/strong>, <em>il fonde, avec Eug\u00e8ne DEBRAYE, aussi ma\u00e7on \u00e0 V\u00e9nissieux, la soci\u00e9t\u00e9 DEBRAYE et SOMNOLET. Elle a pour but l&rsquo;exploitation d&rsquo;un fonds de ma\u00e7onnerie et pl\u00e2trerie, situ\u00e9 \u00e0 V\u00e9nissieux. La soci\u00e9t\u00e9 est dissoute en 1900.<\/em><\/p>\n<p><strong>En 1909<\/strong><em>, Jean est \u00e0 Lyon, 122, route de V\u00e9nissieux.<\/em><\/p>\n<p><strong>En 1923<\/strong><em>, les \u00e9poux sont ensemble \u00e0 Lyon, 2, rue Nouvelle, dans le 7e arrondissement.<\/em><\/p>\n<p><strong>En 1949<\/strong><em>, Jean est veuf, et habite toujours \u00e0 la m\u00eame adresse.<\/em><\/p>\n<p><em>Il y d\u00e9c\u00e8de le 12 ao\u00fbt de la m\u00eame ann\u00e9e, \u00e2g\u00e9 de 84 ans.<\/em><\/p>\n<p>&nbsp;<\/p>\n","protected":false},"excerpt":{"rendered":"<p>Mis \u00e0 jour le : 30\/04\/2026Jean SOMNOLET 1865 \u2013 1949 ma\u00e7on &nbsp; n\u00e9 \u00e0 La Vialle (Peyrat-le-Ch\u00e2teau &#8211; 87) le 30 mars 1865 fils de Guillaume SOMNOLET \/ Marie MANANT \u25d9 En 1886, Jean est dispens\u00e9 de service militaire, comme fils a\u00een\u00e9 de veuve. En 1888, il travaille \u00e0 Lyon (69), et loge 20, rue ..<\/p>\n<div class=\"clear-fix\"><\/div>\n<p><a href=\"https:\/\/www.lesmaconsdelacreuse.fr\/annuaires\/lettre-s\/s_302\/\" title=\"Lire la suite...\">Lire la suite<\/a><\/p>\n","protected":false},"author":2,"featured_media":0,"comment_status":"closed","ping_status":"closed","sticky":false,"template":"","format":"standard","meta":{"_acf_changed":false,"_exactmetrics_skip_tracking":false,"_exactmetrics_sitenote_active":false,"_exactmetrics_sitenote_note":"","_exactmetrics_sitenote_category":0,"footnotes":""},"categories":[12],"tags":[],"class_list":["post-4415","post","type-post","status-publish","format-standard","hentry","category-lettre-s"],"acf":[],"_links":{"self":[{"href":"https:\/\/www.lesmaconsdelacreuse.fr\/annuaires\/wp-json\/wp\/v2\/posts\/4415","targetHints":{"allow":["GET"]}}],"collection":[{"href":"https:\/\/www.lesmaconsdelacreuse.fr\/annuaires\/wp-json\/wp\/v2\/posts"}],"about":[{"href":"https:\/\/www.lesmaconsdelacreuse.fr\/annuaires\/wp-json\/wp\/v2\/types\/post"}],"author":[{"embeddable":true,"href":"https:\/\/www.lesmaconsdelacreuse.fr\/annuaires\/wp-json\/wp\/v2\/users\/2"}],"replies":[{"embeddable":true,"href":"https:\/\/www.lesmaconsdelacreuse.fr\/annuaires\/wp-json\/wp\/v2\/comments?post=4415"}],"version-history":[{"count":0,"href":"https:\/\/www.lesmaconsdelacreuse.fr\/annuaires\/wp-json\/wp\/v2\/posts\/4415\/revisions"}],"wp:attachment":[{"href":"https:\/\/www.lesmaconsdelacreuse.fr\/annuaires\/wp-json\/wp\/v2\/media?parent=4415"}],"wp:term":[{"taxonomy":"category","embeddable":true,"href":"https:\/\/www.lesmaconsdelacreuse.fr\/annuaires\/wp-json\/wp\/v2\/categories?post=4415"},{"taxonomy":"post_tag","embeddable":true,"href":"https:\/\/www.lesmaconsdelacreuse.fr\/annuaires\/wp-json\/wp\/v2\/tags?post=4415"}],"curies":[{"name":"wp","href":"https:\/\/api.w.org\/{rel}","templated":true}]}}