{"id":4424,"date":"2019-07-28T12:12:03","date_gmt":"2019-07-28T10:12:03","guid":{"rendered":"http:\/\/lesmaconsdelacreuse.fr\/annuaire\/?p=4424"},"modified":"2022-05-01T14:06:07","modified_gmt":"2022-05-01T12:06:07","slug":"s_281","status":"publish","type":"post","link":"https:\/\/www.lesmaconsdelacreuse.fr\/annuaires\/lettre-s\/s_281\/","title":{"rendered":"SIMONET Jean Eug\u00e8ne (1850-1925)"},"content":{"rendered":"<p class=\"last-updated\"><strong>Mis \u00e0 jour le :<\/strong> 30\/04\/2026<\/p><h2 style=\"text-align: center;\"><strong>Jean Eug\u00e8ne SIMONET<\/strong><\/h2>\n<p style=\"text-align: center;\"><strong>Eug\u00e8ne SIMONET<\/strong><\/p>\n<p style=\"text-align: center;\"><strong>1850 \u2013 1925<\/strong><\/p>\n<p style=\"text-align: center;\"><img decoding=\"async\" title=\"\" src=\"https:\/\/lesmaconsdelacreuse.fr\/annuaire\/wp-content\/uploads\/2019\/07\/image1-930.jpg\" alt=\"\" data-asset-id=\"4421\" data-source-id=\"i.0\" \/><\/p>\n<h4 style=\"text-align: center;\"><strong><em>\u25ba<\/em><a href=\"https:\/\/www.lesmaconsdelacreuse.fr\/annuaires\/wp-content\/uploads\/2020\/08\/CONTREMAITRE-MA\u00c7ON.png\" target=\"_blank\" rel=\"noopener noreferrer\"><span style=\"color: #008000;\">contrema\u00eetre<\/span><\/a><a href=\"https:\/\/www.lesmaconsdelacreuse.fr\/annuaires\/\/wp-content\/uploads\/LEXIQUE\/CONTREMAITRE_MACON.pdf\" target=\"_blank\" rel=\"noopener noreferrer\"><span style=\"color: #008000;\">\u00a0ma\u00e7on<\/span><\/a><\/strong>; <span style=\"color: #008000;\"><strong>propri\u00e9taire cultivateur<\/strong><\/span><\/h4>\n<p>&nbsp;<\/p>\n<p style=\"text-align: center;\">n\u00e9 \u00e0 La Cour-de-Rozet (Saint-Pardoux-Lavaud)<\/p>\n<p style=\"text-align: center;\">le 12 d\u00e9cembre 1850<\/p>\n<p style=\"text-align: center;\">fils de<\/p>\n<p style=\"text-align: center;\">Jacques SIMONET,<span style=\"color: #008000;\"> <strong>ma\u00e7on<\/strong><\/span><\/p>\n<p style=\"text-align: center;\">L\u00e9onarde LANDON, cultivatrice<\/p>\n<p style=\"text-align: center;\"><span style=\"color: #ffffff;\">\u25d9<\/span><\/p>\n<p><em>Eug\u00e8ne, <\/em><span style=\"color: #008000;\"><strong>ma\u00e7on<\/strong><\/span><em>, \u00e9pouse Marie <\/em><strong>SALVANET<\/strong><em> le 8 mars <\/em><strong>1875<\/strong><em> \u00e0 Saint-Moreil (contrat Berger \u00e0 Bourganeuf). Ils habitent La Cour-de-Rozet. <\/em><\/p>\n<p><strong>En 1896<\/strong><em>, Eug\u00e8ne travaille aux <\/em><span style=\"color: #0000ff;\"><strong>Terres des Chambons (69)<\/strong><\/span><em>. <\/em><\/p>\n<p><strong>En 1908<\/strong><em>, il est rentier.<\/em><\/p>\n<p><em>Marie d\u00e9c\u00e8de \u00e0 La Cour, le 4 octobre de la m\u00eame ann\u00e9e, \u00e2g\u00e9e de 55 ans.<\/em><\/p>\n<p><strong>En 1921<\/strong><em>, Eug\u00e8ne, <\/em><span style=\"color: #008000;\"><strong>contrema\u00eetre ma\u00e7on<\/strong><\/span><em>, habite <\/em><span style=\"color: #0000ff;\"><strong>Ternay (69)<\/strong><\/span><em>.<\/em><\/p>\n<p><em>Il y d\u00e9c\u00e8de le 11 juin <\/em><strong>1925<\/strong><em>, \u00e2g\u00e9 de 74 ans.<\/em><\/p>\n<p>&nbsp;<\/p>\n","protected":false},"excerpt":{"rendered":"<p>Mis \u00e0 jour le : 30\/04\/2026Jean Eug\u00e8ne SIMONET Eug\u00e8ne SIMONET 1850 \u2013 1925 \u25bacontrema\u00eetre\u00a0ma\u00e7on; propri\u00e9taire cultivateur &nbsp; n\u00e9 \u00e0 La Cour-de-Rozet (Saint-Pardoux-Lavaud) le 12 d\u00e9cembre 1850 fils de Jacques SIMONET, ma\u00e7on L\u00e9onarde LANDON, cultivatrice \u25d9 Eug\u00e8ne, ma\u00e7on, \u00e9pouse Marie SALVANET le 8 mars 1875 \u00e0 Saint-Moreil (contrat Berger \u00e0 Bourganeuf). Ils habitent La Cour-de-Rozet. En ..<\/p>\n<div class=\"clear-fix\"><\/div>\n<p><a href=\"https:\/\/www.lesmaconsdelacreuse.fr\/annuaires\/lettre-s\/s_281\/\" title=\"Lire la suite...\">Lire la suite<\/a><\/p>\n","protected":false},"author":2,"featured_media":0,"comment_status":"closed","ping_status":"closed","sticky":false,"template":"","format":"standard","meta":{"_acf_changed":false,"_exactmetrics_skip_tracking":false,"_exactmetrics_sitenote_active":false,"_exactmetrics_sitenote_note":"","_exactmetrics_sitenote_category":0,"footnotes":""},"categories":[12],"tags":[],"class_list":["post-4424","post","type-post","status-publish","format-standard","hentry","category-lettre-s"],"acf":[],"_links":{"self":[{"href":"https:\/\/www.lesmaconsdelacreuse.fr\/annuaires\/wp-json\/wp\/v2\/posts\/4424","targetHints":{"allow":["GET"]}}],"collection":[{"href":"https:\/\/www.lesmaconsdelacreuse.fr\/annuaires\/wp-json\/wp\/v2\/posts"}],"about":[{"href":"https:\/\/www.lesmaconsdelacreuse.fr\/annuaires\/wp-json\/wp\/v2\/types\/post"}],"author":[{"embeddable":true,"href":"https:\/\/www.lesmaconsdelacreuse.fr\/annuaires\/wp-json\/wp\/v2\/users\/2"}],"replies":[{"embeddable":true,"href":"https:\/\/www.lesmaconsdelacreuse.fr\/annuaires\/wp-json\/wp\/v2\/comments?post=4424"}],"version-history":[{"count":2,"href":"https:\/\/www.lesmaconsdelacreuse.fr\/annuaires\/wp-json\/wp\/v2\/posts\/4424\/revisions"}],"predecessor-version":[{"id":198539,"href":"https:\/\/www.lesmaconsdelacreuse.fr\/annuaires\/wp-json\/wp\/v2\/posts\/4424\/revisions\/198539"}],"wp:attachment":[{"href":"https:\/\/www.lesmaconsdelacreuse.fr\/annuaires\/wp-json\/wp\/v2\/media?parent=4424"}],"wp:term":[{"taxonomy":"category","embeddable":true,"href":"https:\/\/www.lesmaconsdelacreuse.fr\/annuaires\/wp-json\/wp\/v2\/categories?post=4424"},{"taxonomy":"post_tag","embeddable":true,"href":"https:\/\/www.lesmaconsdelacreuse.fr\/annuaires\/wp-json\/wp\/v2\/tags?post=4424"}],"curies":[{"name":"wp","href":"https:\/\/api.w.org\/{rel}","templated":true}]}}