{"id":4428,"date":"2019-07-28T12:12:03","date_gmt":"2019-07-28T10:12:03","guid":{"rendered":"http:\/\/lesmaconsdelacreuse.fr\/annuaire\/?p=4428"},"modified":"2020-01-20T11:29:58","modified_gmt":"2020-01-20T10:29:58","slug":"s_279","status":"publish","type":"post","link":"https:\/\/www.lesmaconsdelacreuse.fr\/annuaires\/lettre-s\/s_279\/","title":{"rendered":"SIMONET Jean-Baptiste (1819-1882)"},"content":{"rendered":"<p class=\"last-updated\"><strong>Mis \u00e0 jour le :<\/strong> 30\/04\/2026<\/p><h2 style=\"text-align: center;\"><strong>Jean-Baptiste SIMONET<\/strong><\/h2>\n<p style=\"text-align: center;\"><strong>Baptiste SIMONET<\/strong><\/p>\n<p style=\"text-align: center;\"><strong>1819 \u2013 1882<\/strong><\/p>\n<p style=\"text-align: center;\"><img decoding=\"async\" title=\"\" src=\"https:\/\/lesmaconsdelacreuse.fr\/annuaire\/wp-content\/uploads\/2019\/07\/image1-932.jpg\" alt=\"\" data-asset-id=\"4425\" data-source-id=\"i.0\" \/><\/p>\n<h4 style=\"text-align: center;\"><span style=\"color: #008000;\"><strong>ma\u00e7on <\/strong>et<strong> cultivateur<\/strong><\/span><\/h4>\n<p style=\"text-align: center;\">n\u00e9 \u00e0 Villemaine (Saint-Pardoux-Lavaud)<\/p>\n<p style=\"text-align: center;\">le 5 ao\u00fbt 1819<\/p>\n<p style=\"text-align: center;\">fils de<\/p>\n<p style=\"text-align: center;\">Pardoux SIMONET, meunier \/ Th\u00e9r\u00e8se LANDON<\/p>\n<p style=\"text-align: center;\">propri\u00e9taires cultivateurs<\/p>\n<p style=\"text-align: center;\"><span style=\"color: #ffffff;\">\u25d9<\/span><\/p>\n<p><strong>En 1840<\/strong><em>, Baptiste est dispens\u00e9 de service militaire, ayant un fr\u00e8re mort sous les drapeaux.<\/em><\/p>\n<p><em>Il \u00e9pouse L\u00e9onarde <\/em><strong>LAGRANGE<\/strong><em> le 1er f\u00e9vrier <\/em><strong>1842<\/strong> <em>\u00e0 Saint-Pierre-le-Bost (contrat Berger \u00e0 Bourganeuf). Le couple habite Chez-Brouillard, commune de Saint-Pierre. <\/em><\/p>\n<p><strong>En 1845, 1847, 1850 et 1852<\/strong><em>, Jean-Baptiste travaille \u00e0 <\/em><span style=\"color: #0000ff;\"><strong>Lyon (69)<\/strong><\/span><em>.<\/em><\/p>\n<p><em>Les \u00e9poux d\u00e9c\u00e8dent au bourg du Compeix, commune de Saint-Pierre\u00a0:<\/em><\/p>\n<ul>\n<li><em>Baptiste, le 22 mars <\/em><strong>1882<\/strong><em>, \u00e2g\u00e9 de 62 ans<\/em><\/li>\n<li><em>L\u00e9onarde, le 5 juillet <\/em><strong>1892<\/strong><em>, \u00e2g\u00e9e de 80 ans<\/em><\/li>\n<\/ul>\n","protected":false},"excerpt":{"rendered":"<p>Mis \u00e0 jour le : 30\/04\/2026Jean-Baptiste SIMONET Baptiste SIMONET 1819 \u2013 1882 ma\u00e7on et cultivateur n\u00e9 \u00e0 Villemaine (Saint-Pardoux-Lavaud) le 5 ao\u00fbt 1819 fils de Pardoux SIMONET, meunier \/ Th\u00e9r\u00e8se LANDON propri\u00e9taires cultivateurs \u25d9 En 1840, Baptiste est dispens\u00e9 de service militaire, ayant un fr\u00e8re mort sous les drapeaux. Il \u00e9pouse L\u00e9onarde LAGRANGE le 1er ..<\/p>\n<div class=\"clear-fix\"><\/div>\n<p><a href=\"https:\/\/www.lesmaconsdelacreuse.fr\/annuaires\/lettre-s\/s_279\/\" title=\"Lire la suite...\">Lire la suite<\/a><\/p>\n","protected":false},"author":2,"featured_media":0,"comment_status":"closed","ping_status":"closed","sticky":false,"template":"","format":"standard","meta":{"_acf_changed":false,"_exactmetrics_skip_tracking":false,"_exactmetrics_sitenote_active":false,"_exactmetrics_sitenote_note":"","_exactmetrics_sitenote_category":0,"footnotes":""},"categories":[12],"tags":[],"class_list":["post-4428","post","type-post","status-publish","format-standard","hentry","category-lettre-s"],"acf":[],"_links":{"self":[{"href":"https:\/\/www.lesmaconsdelacreuse.fr\/annuaires\/wp-json\/wp\/v2\/posts\/4428","targetHints":{"allow":["GET"]}}],"collection":[{"href":"https:\/\/www.lesmaconsdelacreuse.fr\/annuaires\/wp-json\/wp\/v2\/posts"}],"about":[{"href":"https:\/\/www.lesmaconsdelacreuse.fr\/annuaires\/wp-json\/wp\/v2\/types\/post"}],"author":[{"embeddable":true,"href":"https:\/\/www.lesmaconsdelacreuse.fr\/annuaires\/wp-json\/wp\/v2\/users\/2"}],"replies":[{"embeddable":true,"href":"https:\/\/www.lesmaconsdelacreuse.fr\/annuaires\/wp-json\/wp\/v2\/comments?post=4428"}],"version-history":[{"count":0,"href":"https:\/\/www.lesmaconsdelacreuse.fr\/annuaires\/wp-json\/wp\/v2\/posts\/4428\/revisions"}],"wp:attachment":[{"href":"https:\/\/www.lesmaconsdelacreuse.fr\/annuaires\/wp-json\/wp\/v2\/media?parent=4428"}],"wp:term":[{"taxonomy":"category","embeddable":true,"href":"https:\/\/www.lesmaconsdelacreuse.fr\/annuaires\/wp-json\/wp\/v2\/categories?post=4428"},{"taxonomy":"post_tag","embeddable":true,"href":"https:\/\/www.lesmaconsdelacreuse.fr\/annuaires\/wp-json\/wp\/v2\/tags?post=4428"}],"curies":[{"name":"wp","href":"https:\/\/api.w.org\/{rel}","templated":true}]}}