{"id":4429,"date":"2019-07-28T12:12:03","date_gmt":"2019-07-28T10:12:03","guid":{"rendered":"http:\/\/lesmaconsdelacreuse.fr\/annuaire\/?p=4429"},"modified":"2020-10-08T15:01:00","modified_gmt":"2020-10-08T13:01:00","slug":"s_284","status":"publish","type":"post","link":"https:\/\/www.lesmaconsdelacreuse.fr\/annuaires\/lettre-s\/s_284\/","title":{"rendered":"SIMONET Joseph Marcel (1905-1976)"},"content":{"rendered":"<p class=\"last-updated\"><strong>Mis \u00e0 jour le :<\/strong> 30\/04\/2026<\/p><h2 style=\"text-align: center;\"><strong>Joseph Marcel SIMONET<\/strong><\/h2>\n<p style=\"text-align: center;\"><strong>1905 &#8211; 1976<\/strong><\/p>\n<h4 style=\"text-align: center;\"><strong><span style=\"color: #008000;\"><em>\u25ba<\/em><a href=\"https:\/\/www.lesmaconsdelacreuse.fr\/annuaires\/wp-content\/uploads\/2020\/08\/CONTREMAITRE-MA\u00c7ON.png\" target=\"_blank\" rel=\"noopener noreferrer\"><span style=\"color: #008000;\">contrema\u00eetre<\/span><\/a> <em>\u25ba<a href=\"https:\/\/www.lesmaconsdelacreuse.fr\/annuaires\/wp-content\/uploads\/2020\/07\/FUMISTE.png\" target=\"_blank\" rel=\"noopener noreferrer\"><span style=\"color: #008000;\">fumiste<\/span><\/a><\/em><br \/>\n<\/span><\/strong><\/h4>\n<p>&nbsp;<\/p>\n<p style=\"text-align: center;\">n\u00e9 au Compeix(Saint-Pierre-le-Bost)<\/p>\n<p style=\"text-align: center;\">le 12 f\u00e9vrier 1905<\/p>\n<p style=\"text-align: center;\">fils de<\/p>\n<p style=\"text-align: center;\">Baptiste SIMONET, forgeron \/ Marie CHARBONNIER<\/p>\n<p style=\"text-align: center;\"><span style=\"color: #ffffff;\">\u25d9<\/span><\/p>\n<p><em>Joseph \u00e9pouse Suzanne <\/em><strong>CARADANT<\/strong><em> le 19 octobre <\/em><strong>1930<\/strong><em> \u00e0 <\/em><span style=\"color: #0000ff;\"><strong>Houilles (78)<\/strong><\/span><em>.<\/em><\/p>\n<p><strong>En 1932<\/strong><em>, ils habitent, 9, rue du Bel Air.<\/em><\/p>\n<p><em>Joseph d\u00e9c\u00e8de \u00e0 Saint-Pardoux-Morterolles le 13 avril <\/em><strong>1976<\/strong><em>, \u00e2g\u00e9 de 71 ans.<\/em><\/p>\n<p>&nbsp;<\/p>\n","protected":false},"excerpt":{"rendered":"<p>Mis \u00e0 jour le : 30\/04\/2026Joseph Marcel SIMONET 1905 &#8211; 1976 \u25bacontrema\u00eetre \u25bafumiste &nbsp; n\u00e9 au Compeix(Saint-Pierre-le-Bost) le 12 f\u00e9vrier 1905 fils de Baptiste SIMONET, forgeron \/ Marie CHARBONNIER \u25d9 Joseph \u00e9pouse Suzanne CARADANT le 19 octobre 1930 \u00e0 Houilles (78). En 1932, ils habitent, 9, rue du Bel Air. Joseph d\u00e9c\u00e8de \u00e0 Saint-Pardoux-Morterolles le ..<\/p>\n<div class=\"clear-fix\"><\/div>\n<p><a href=\"https:\/\/www.lesmaconsdelacreuse.fr\/annuaires\/lettre-s\/s_284\/\" title=\"Lire la suite...\">Lire la suite<\/a><\/p>\n","protected":false},"author":2,"featured_media":0,"comment_status":"closed","ping_status":"closed","sticky":false,"template":"","format":"standard","meta":{"_acf_changed":false,"_exactmetrics_skip_tracking":false,"_exactmetrics_sitenote_active":false,"_exactmetrics_sitenote_note":"","_exactmetrics_sitenote_category":0,"footnotes":""},"categories":[12],"tags":[],"class_list":["post-4429","post","type-post","status-publish","format-standard","hentry","category-lettre-s"],"acf":[],"_links":{"self":[{"href":"https:\/\/www.lesmaconsdelacreuse.fr\/annuaires\/wp-json\/wp\/v2\/posts\/4429","targetHints":{"allow":["GET"]}}],"collection":[{"href":"https:\/\/www.lesmaconsdelacreuse.fr\/annuaires\/wp-json\/wp\/v2\/posts"}],"about":[{"href":"https:\/\/www.lesmaconsdelacreuse.fr\/annuaires\/wp-json\/wp\/v2\/types\/post"}],"author":[{"embeddable":true,"href":"https:\/\/www.lesmaconsdelacreuse.fr\/annuaires\/wp-json\/wp\/v2\/users\/2"}],"replies":[{"embeddable":true,"href":"https:\/\/www.lesmaconsdelacreuse.fr\/annuaires\/wp-json\/wp\/v2\/comments?post=4429"}],"version-history":[{"count":0,"href":"https:\/\/www.lesmaconsdelacreuse.fr\/annuaires\/wp-json\/wp\/v2\/posts\/4429\/revisions"}],"wp:attachment":[{"href":"https:\/\/www.lesmaconsdelacreuse.fr\/annuaires\/wp-json\/wp\/v2\/media?parent=4429"}],"wp:term":[{"taxonomy":"category","embeddable":true,"href":"https:\/\/www.lesmaconsdelacreuse.fr\/annuaires\/wp-json\/wp\/v2\/categories?post=4429"},{"taxonomy":"post_tag","embeddable":true,"href":"https:\/\/www.lesmaconsdelacreuse.fr\/annuaires\/wp-json\/wp\/v2\/tags?post=4429"}],"curies":[{"name":"wp","href":"https:\/\/api.w.org\/{rel}","templated":true}]}}