{"id":4431,"date":"2019-07-28T12:12:03","date_gmt":"2019-07-28T10:12:03","guid":{"rendered":"http:\/\/lesmaconsdelacreuse.fr\/annuaire\/?p=4431"},"modified":"2020-01-20T11:29:58","modified_gmt":"2020-01-20T10:29:58","slug":"s_291","status":"publish","type":"post","link":"https:\/\/www.lesmaconsdelacreuse.fr\/annuaires\/lettre-s\/s_291\/","title":{"rendered":"SIMONET Louis (1884-apr\u00e8s 1932)"},"content":{"rendered":"<p class=\"last-updated\"><strong>Mis \u00e0 jour le :<\/strong> 30\/04\/2026<\/p><h2 style=\"text-align: center;\"><strong>Louis SIMONET<\/strong><\/h2>\n<p style=\"text-align: center;\"><strong>Louis Fran\u00e7ois SIMONET<\/strong><\/p>\n<p style=\"text-align: center;\"><strong>1884 \u2013 apr\u00e8s 1932<\/strong><\/p>\n<p style=\"text-align: center;\"><img decoding=\"async\" title=\"\" src=\"https:\/\/lesmaconsdelacreuse.fr\/annuaire\/wp-content\/uploads\/2019\/07\/image1-933.jpg\" alt=\"\" data-asset-id=\"4427\" data-source-id=\"i.0\" \/><\/p>\n<h4 style=\"text-align: center;\"><span style=\"color: #008000;\"><strong>ma\u00e7on<\/strong><\/span><\/h4>\n<p style=\"text-align: center;\">n\u00e9 au Compeix (Saint-Pierre-le-Bost)<\/p>\n<p style=\"text-align: center;\">le 15 novembre 1884<\/p>\n<p style=\"text-align: center;\">fils de<\/p>\n<p style=\"text-align: center;\">Pardoux SIMONET, mar\u00e9chal ferrant<\/p>\n<p style=\"text-align: center;\">Marie LENOIR, cultivatrice<\/p>\n<p style=\"text-align: center;\"><span style=\"color: #ffffff;\">\u25d9<\/span><\/p>\n<p><strong>En 1905<\/strong><em>, Louis travaille \u00e0 <\/em><span style=\"color: #0000ff;\"><strong>Paris (75)<\/strong><\/span><em> et y passe le conseil de r\u00e9vision. Il est dispens\u00e9 de service militaire, ayant un fr\u00e8re sous les drapeaux.<\/em><\/p>\n<p><em>Lorsqu\u2019il est lib\u00e9r\u00e9 du service, il habite 11, rue Damesme.<\/em><\/p>\n<p><strong>En 1919<\/strong><em>, il est \u00e0 <\/em><span style=\"color: #0000ff;\"><strong>Vitry-sur-Seine<\/strong> <strong>(94)<\/strong><\/span><em>, 95, rue du G\u00e9nie.<\/em><\/p>\n<p><em> Il \u00e9pouse Marie Lucie Ang\u00e9line <\/em><strong>AMELIN<\/strong><em> le 20 septembre de la m\u00eame ann\u00e9e \u00e0 Paris 4e arrondissement.<\/em><\/p>\n<p><strong>En 1921<\/strong><em>, ils habitent 154 bis rue Ordener, 18e arrondissement\u00a0;<\/em><\/p>\n<p><strong>en 1932<\/strong><em>, <\/em><span style=\"color: #0000ff;\"><strong>Levallois (92)<\/strong><\/span><em>, 71 bis, rue Danton. <\/em><\/p>\n","protected":false},"excerpt":{"rendered":"<p>Mis \u00e0 jour le : 30\/04\/2026Louis SIMONET Louis Fran\u00e7ois SIMONET 1884 \u2013 apr\u00e8s 1932 ma\u00e7on n\u00e9 au Compeix (Saint-Pierre-le-Bost) le 15 novembre 1884 fils de Pardoux SIMONET, mar\u00e9chal ferrant Marie LENOIR, cultivatrice \u25d9 En 1905, Louis travaille \u00e0 Paris (75) et y passe le conseil de r\u00e9vision. Il est dispens\u00e9 de service militaire, ayant un ..<\/p>\n<div class=\"clear-fix\"><\/div>\n<p><a href=\"https:\/\/www.lesmaconsdelacreuse.fr\/annuaires\/lettre-s\/s_291\/\" title=\"Lire la suite...\">Lire la suite<\/a><\/p>\n","protected":false},"author":2,"featured_media":0,"comment_status":"closed","ping_status":"closed","sticky":false,"template":"","format":"standard","meta":{"_acf_changed":false,"_exactmetrics_skip_tracking":false,"_exactmetrics_sitenote_active":false,"_exactmetrics_sitenote_note":"","_exactmetrics_sitenote_category":0,"footnotes":""},"categories":[12],"tags":[],"class_list":["post-4431","post","type-post","status-publish","format-standard","hentry","category-lettre-s"],"acf":[],"_links":{"self":[{"href":"https:\/\/www.lesmaconsdelacreuse.fr\/annuaires\/wp-json\/wp\/v2\/posts\/4431","targetHints":{"allow":["GET"]}}],"collection":[{"href":"https:\/\/www.lesmaconsdelacreuse.fr\/annuaires\/wp-json\/wp\/v2\/posts"}],"about":[{"href":"https:\/\/www.lesmaconsdelacreuse.fr\/annuaires\/wp-json\/wp\/v2\/types\/post"}],"author":[{"embeddable":true,"href":"https:\/\/www.lesmaconsdelacreuse.fr\/annuaires\/wp-json\/wp\/v2\/users\/2"}],"replies":[{"embeddable":true,"href":"https:\/\/www.lesmaconsdelacreuse.fr\/annuaires\/wp-json\/wp\/v2\/comments?post=4431"}],"version-history":[{"count":0,"href":"https:\/\/www.lesmaconsdelacreuse.fr\/annuaires\/wp-json\/wp\/v2\/posts\/4431\/revisions"}],"wp:attachment":[{"href":"https:\/\/www.lesmaconsdelacreuse.fr\/annuaires\/wp-json\/wp\/v2\/media?parent=4431"}],"wp:term":[{"taxonomy":"category","embeddable":true,"href":"https:\/\/www.lesmaconsdelacreuse.fr\/annuaires\/wp-json\/wp\/v2\/categories?post=4431"},{"taxonomy":"post_tag","embeddable":true,"href":"https:\/\/www.lesmaconsdelacreuse.fr\/annuaires\/wp-json\/wp\/v2\/tags?post=4431"}],"curies":[{"name":"wp","href":"https:\/\/api.w.org\/{rel}","templated":true}]}}