{"id":4437,"date":"2019-07-28T12:12:03","date_gmt":"2019-07-28T10:12:03","guid":{"rendered":"http:\/\/lesmaconsdelacreuse.fr\/annuaire\/?p=4437"},"modified":"2023-01-04T13:32:26","modified_gmt":"2023-01-04T12:32:26","slug":"s_283","status":"publish","type":"post","link":"https:\/\/www.lesmaconsdelacreuse.fr\/annuaires\/lettre-s\/s_283\/","title":{"rendered":"SIMONET Joseph (vers 1687-1725)"},"content":{"rendered":"<p class=\"last-updated\"><strong>Mis \u00e0 jour le :<\/strong> 30\/04\/2026<\/p><h2 style=\"text-align: center;\"><strong>Joseph SIMONET<\/strong><\/h2>\n<p style=\"text-align: center;\"><strong>vers 1687 \u2013 1725<\/strong><\/p>\n<p style=\"text-align: center;\"><img decoding=\"async\" title=\"\" src=\"https:\/\/lesmaconsdelacreuse.fr\/annuaire\/wp-content\/uploads\/2019\/07\/image1-935.jpg\" alt=\"\" data-asset-id=\"4434\" data-source-id=\"i.0\" \/><\/p>\n<h4 style=\"text-align: center;\"><span style=\"color: #008000;\"><strong>ma\u00e7on <\/strong>et<strong> laboureur<\/strong><\/span><\/h4>\n<p style=\"text-align: center;\">n\u00e9 au Chiroux (Saint-Pierre-le-Bost)\u00a0?<\/p>\n<p style=\"text-align: center;\">vers 1687<\/p>\n<p style=\"text-align: center;\">fils de<\/p>\n<p style=\"text-align: center;\">L\u00e9onard SIMONET \/ L\u00e9onarde BOURY<\/p>\n<p style=\"text-align: center;\"><span style=\"color: #ffffff;\">\u25d9<\/span><\/p>\n<p><strong>En 1715<\/strong><em>, Joseph \u00e9pouse Anne <\/em><strong>DELOUIS<\/strong>\u00a0<em> (contrat Delavergne au Monteil-au-Vicomte).<\/em><\/p>\n<p><em> Ils habitent Gioux, paroisse de Saint-Pierre, puis La Croisille, m\u00eame commune.<\/em><\/p>\n<p><em> Joseph d\u00e9c\u00e8de \u00e0 La Croisille le 2 avril <\/em><strong>1725<\/strong><em>, \u00e2g\u00e9 de 38 ans environ.<\/em><\/p>\n<p><em> Sa veuve se remarie le 31 janvier 1726 \u00e0 Saint-Pierre avec Jean DUPHOT, ma\u00e7on.<\/em><\/p>\n<p>S17<\/p>\n","protected":false},"excerpt":{"rendered":"<p>Mis \u00e0 jour le : 30\/04\/2026Joseph SIMONET vers 1687 \u2013 1725 ma\u00e7on et laboureur n\u00e9 au Chiroux (Saint-Pierre-le-Bost)\u00a0? vers 1687 fils de L\u00e9onard SIMONET \/ L\u00e9onarde BOURY \u25d9 En 1715, Joseph \u00e9pouse Anne DELOUIS\u00a0 (contrat Delavergne au Monteil-au-Vicomte). Ils habitent Gioux, paroisse de Saint-Pierre, puis La Croisille, m\u00eame commune. Joseph d\u00e9c\u00e8de \u00e0 La Croisille le ..<\/p>\n<div class=\"clear-fix\"><\/div>\n<p><a href=\"https:\/\/www.lesmaconsdelacreuse.fr\/annuaires\/lettre-s\/s_283\/\" title=\"Lire la suite...\">Lire la suite<\/a><\/p>\n","protected":false},"author":2,"featured_media":0,"comment_status":"closed","ping_status":"closed","sticky":false,"template":"","format":"standard","meta":{"_acf_changed":false,"_exactmetrics_skip_tracking":false,"_exactmetrics_sitenote_active":false,"_exactmetrics_sitenote_note":"","_exactmetrics_sitenote_category":0,"footnotes":""},"categories":[12],"tags":[],"class_list":["post-4437","post","type-post","status-publish","format-standard","hentry","category-lettre-s"],"acf":[],"_links":{"self":[{"href":"https:\/\/www.lesmaconsdelacreuse.fr\/annuaires\/wp-json\/wp\/v2\/posts\/4437","targetHints":{"allow":["GET"]}}],"collection":[{"href":"https:\/\/www.lesmaconsdelacreuse.fr\/annuaires\/wp-json\/wp\/v2\/posts"}],"about":[{"href":"https:\/\/www.lesmaconsdelacreuse.fr\/annuaires\/wp-json\/wp\/v2\/types\/post"}],"author":[{"embeddable":true,"href":"https:\/\/www.lesmaconsdelacreuse.fr\/annuaires\/wp-json\/wp\/v2\/users\/2"}],"replies":[{"embeddable":true,"href":"https:\/\/www.lesmaconsdelacreuse.fr\/annuaires\/wp-json\/wp\/v2\/comments?post=4437"}],"version-history":[{"count":1,"href":"https:\/\/www.lesmaconsdelacreuse.fr\/annuaires\/wp-json\/wp\/v2\/posts\/4437\/revisions"}],"predecessor-version":[{"id":203773,"href":"https:\/\/www.lesmaconsdelacreuse.fr\/annuaires\/wp-json\/wp\/v2\/posts\/4437\/revisions\/203773"}],"wp:attachment":[{"href":"https:\/\/www.lesmaconsdelacreuse.fr\/annuaires\/wp-json\/wp\/v2\/media?parent=4437"}],"wp:term":[{"taxonomy":"category","embeddable":true,"href":"https:\/\/www.lesmaconsdelacreuse.fr\/annuaires\/wp-json\/wp\/v2\/categories?post=4437"},{"taxonomy":"post_tag","embeddable":true,"href":"https:\/\/www.lesmaconsdelacreuse.fr\/annuaires\/wp-json\/wp\/v2\/tags?post=4437"}],"curies":[{"name":"wp","href":"https:\/\/api.w.org\/{rel}","templated":true}]}}