{"id":4438,"date":"2019-07-28T12:12:03","date_gmt":"2019-07-28T10:12:03","guid":{"rendered":"http:\/\/lesmaconsdelacreuse.fr\/annuaire\/?p=4438"},"modified":"2023-01-02T10:09:28","modified_gmt":"2023-01-02T09:09:28","slug":"s_272","status":"publish","type":"post","link":"https:\/\/www.lesmaconsdelacreuse.fr\/annuaires\/lettre-s\/s_272\/","title":{"rendered":"SIMOUNEAU Jean (d\u00e9c\u00e9d\u00e9 apr\u00e8s 1667)"},"content":{"rendered":"<p class=\"last-updated\"><strong>Mis \u00e0 jour le :<\/strong> 30\/04\/2026<\/p><h2 style=\"text-align: center;\"><strong>Jean SIMOUNEAU<\/strong><\/h2>\n<p style=\"text-align: center;\"><strong>d\u00e9c\u00e9d\u00e9 apr\u00e8s 1667<\/strong><\/p>\n<p style=\"text-align: center;\"><img decoding=\"async\" title=\"\" src=\"https:\/\/lesmaconsdelacreuse.fr\/annuaire\/wp-content\/uploads\/2019\/07\/image1-934.jpg\" alt=\"\" data-asset-id=\"4433\" data-source-id=\"i.0\" \/><\/p>\n<h4 style=\"text-align: center;\"><span style=\"color: #008000;\"><strong>ma\u00e7on<\/strong><\/span><\/h4>\n<p style=\"text-align: center;\">n\u00e9 \u00e0 Pramy (Saint-Pierre-le-Bost)\u00a0?<\/p>\n<p style=\"text-align: center;\">fils de<\/p>\n<p style=\"text-align: center;\">Jean SIMOUNEAU \/ L\u00e9onarde MASBEAU<\/p>\n<p style=\"text-align: center;\"><span style=\"color: #ffffff;\">\u25d9<\/span><\/p>\n<p><strong>En 1655<\/strong><em>, Jean habite Pramy. Cette ann\u00e9e-l\u00e0, il fait un contrat de communaut\u00e9 avec Pierre JABELLY, son beau-fr\u00e8re, aussi ma\u00e7on \u00e0 Pramy.<\/em><\/p>\n<p><em> \u25ba<\/em><a href=\"https:\/\/www.lesmaconsdelacreuse.fr\/annuaires\/\/wp-content\/uploads\/DOCUMENTS\/1667_-_Jean_SIMOUNEAU_en_Auvergne.pdf\" target=\"_blank\" rel=\"noopener\"><strong><span style=\"color: #ff00ff;\">En 1667<\/span><\/strong><\/a><em><a href=\"https:\/\/www.lesmaconsdelacreuse.fr\/annuaires\/\/wp-content\/uploads\/DOCUMENTS\/1667_-_Jean_SIMOUNEAU_en_Auvergne.pdf\" target=\"_blank\" rel=\"noopener\">,<\/a> il travaille \u00e0 Mont\u00e9gut Leytanoix, paroisse de Saint-Jean de Gl&#8212;&#8212; en <\/em><span style=\"color: #0000ff;\"><strong>Auvergne<\/strong><\/span><em>. Il fait cession \u00e0 sa s\u0153ur Antoinette de ses droits successifs, ce qui tend \u00e0 prouver qu\u2019il ne reviendra pas \u00e0 Pramy.<\/em><\/p>\n<p>S17<\/p>\n","protected":false},"excerpt":{"rendered":"<p>Mis \u00e0 jour le : 30\/04\/2026Jean SIMOUNEAU d\u00e9c\u00e9d\u00e9 apr\u00e8s 1667 ma\u00e7on n\u00e9 \u00e0 Pramy (Saint-Pierre-le-Bost)\u00a0? fils de Jean SIMOUNEAU \/ L\u00e9onarde MASBEAU \u25d9 En 1655, Jean habite Pramy. Cette ann\u00e9e-l\u00e0, il fait un contrat de communaut\u00e9 avec Pierre JABELLY, son beau-fr\u00e8re, aussi ma\u00e7on \u00e0 Pramy. \u25baEn 1667, il travaille \u00e0 Mont\u00e9gut Leytanoix, paroisse de Saint-Jean ..<\/p>\n<div class=\"clear-fix\"><\/div>\n<p><a href=\"https:\/\/www.lesmaconsdelacreuse.fr\/annuaires\/lettre-s\/s_272\/\" title=\"Lire la suite...\">Lire la suite<\/a><\/p>\n","protected":false},"author":2,"featured_media":0,"comment_status":"closed","ping_status":"closed","sticky":false,"template":"","format":"standard","meta":{"_acf_changed":false,"_exactmetrics_skip_tracking":false,"_exactmetrics_sitenote_active":false,"_exactmetrics_sitenote_note":"","_exactmetrics_sitenote_category":0,"footnotes":""},"categories":[12],"tags":[],"class_list":["post-4438","post","type-post","status-publish","format-standard","hentry","category-lettre-s"],"acf":[],"_links":{"self":[{"href":"https:\/\/www.lesmaconsdelacreuse.fr\/annuaires\/wp-json\/wp\/v2\/posts\/4438","targetHints":{"allow":["GET"]}}],"collection":[{"href":"https:\/\/www.lesmaconsdelacreuse.fr\/annuaires\/wp-json\/wp\/v2\/posts"}],"about":[{"href":"https:\/\/www.lesmaconsdelacreuse.fr\/annuaires\/wp-json\/wp\/v2\/types\/post"}],"author":[{"embeddable":true,"href":"https:\/\/www.lesmaconsdelacreuse.fr\/annuaires\/wp-json\/wp\/v2\/users\/2"}],"replies":[{"embeddable":true,"href":"https:\/\/www.lesmaconsdelacreuse.fr\/annuaires\/wp-json\/wp\/v2\/comments?post=4438"}],"version-history":[{"count":1,"href":"https:\/\/www.lesmaconsdelacreuse.fr\/annuaires\/wp-json\/wp\/v2\/posts\/4438\/revisions"}],"predecessor-version":[{"id":203328,"href":"https:\/\/www.lesmaconsdelacreuse.fr\/annuaires\/wp-json\/wp\/v2\/posts\/4438\/revisions\/203328"}],"wp:attachment":[{"href":"https:\/\/www.lesmaconsdelacreuse.fr\/annuaires\/wp-json\/wp\/v2\/media?parent=4438"}],"wp:term":[{"taxonomy":"category","embeddable":true,"href":"https:\/\/www.lesmaconsdelacreuse.fr\/annuaires\/wp-json\/wp\/v2\/categories?post=4438"},{"taxonomy":"post_tag","embeddable":true,"href":"https:\/\/www.lesmaconsdelacreuse.fr\/annuaires\/wp-json\/wp\/v2\/tags?post=4438"}],"curies":[{"name":"wp","href":"https:\/\/api.w.org\/{rel}","templated":true}]}}