{"id":4442,"date":"2019-07-28T12:12:02","date_gmt":"2019-07-28T10:12:02","guid":{"rendered":"http:\/\/lesmaconsdelacreuse.fr\/annuaire\/?p=4442"},"modified":"2020-01-20T11:29:59","modified_gmt":"2020-01-20T10:29:59","slug":"s_286","status":"publish","type":"post","link":"https:\/\/www.lesmaconsdelacreuse.fr\/annuaires\/lettre-s\/s_286\/","title":{"rendered":"SIMONET L\u00e9onard (1751-apr\u00e8s 1787)"},"content":{"rendered":"<p class=\"last-updated\"><strong>Mis \u00e0 jour le :<\/strong> 30\/04\/2026<\/p><h2 style=\"text-align: center;\"><strong>L\u00e9onard SIMONET<\/strong><\/h2>\n<p style=\"text-align: center;\"><strong>dit Brouquette<\/strong><\/p>\n<p style=\"text-align: center;\"><strong>1751 \u2013 apr\u00e8s 1787<\/strong><\/p>\n<p style=\"text-align: center;\"><img decoding=\"async\" title=\"\" src=\"https:\/\/lesmaconsdelacreuse.fr\/annuaire\/wp-content\/uploads\/2019\/07\/image1-938.jpg\" alt=\"\" data-asset-id=\"4439\" data-source-id=\"i.0\" \/><\/p>\n<h4 style=\"text-align: center;\"><span style=\"color: #008000;\"><strong>ma\u00e7on<\/strong><\/span><\/h4>\n<p style=\"text-align: center;\">n\u00e9 \u00e0 Favareillas (Saint-Martin-Ch\u00e2teau)<\/p>\n<p style=\"text-align: center;\">le 10 juillet 1751<\/p>\n<p style=\"text-align: center;\">fils de<\/p>\n<p style=\"text-align: center;\">Louis SIMONET \/ L\u00e9onarde CHAPEAUBLANC<\/p>\n<p style=\"text-align: center;\">laboureurs<\/p>\n<p style=\"text-align: center;\"><span style=\"color: #ffffff;\">\u25d9<\/span><\/p>\n<p><em>L\u00e9onard \u00e9pouse Catherine <\/em><strong>REBEYRAUD<\/strong><em> le 25 janvier <\/em><strong>1774<\/strong><em> \u00e0 Saint-Martin.<\/em><\/p>\n<p><em> Ils habitent La Chassagne, m\u00eame paroisse.<\/em><\/p>\n<p><em> Catherine y d\u00e9c\u00e8de le 3 d\u00e9cembre <\/em><strong>1787<\/strong><em>, \u00e2g\u00e9e de 27 ans environ.<\/em><\/p>\n","protected":false},"excerpt":{"rendered":"<p>Mis \u00e0 jour le : 30\/04\/2026L\u00e9onard SIMONET dit Brouquette 1751 \u2013 apr\u00e8s 1787 ma\u00e7on n\u00e9 \u00e0 Favareillas (Saint-Martin-Ch\u00e2teau) le 10 juillet 1751 fils de Louis SIMONET \/ L\u00e9onarde CHAPEAUBLANC laboureurs \u25d9 L\u00e9onard \u00e9pouse Catherine REBEYRAUD le 25 janvier 1774 \u00e0 Saint-Martin. Ils habitent La Chassagne, m\u00eame paroisse. Catherine y d\u00e9c\u00e8de le 3 d\u00e9cembre 1787, \u00e2g\u00e9e ..<\/p>\n<div class=\"clear-fix\"><\/div>\n<p><a href=\"https:\/\/www.lesmaconsdelacreuse.fr\/annuaires\/lettre-s\/s_286\/\" title=\"Lire la suite...\">Lire la suite<\/a><\/p>\n","protected":false},"author":2,"featured_media":0,"comment_status":"closed","ping_status":"closed","sticky":false,"template":"","format":"standard","meta":{"_acf_changed":false,"_exactmetrics_skip_tracking":false,"_exactmetrics_sitenote_active":false,"_exactmetrics_sitenote_note":"","_exactmetrics_sitenote_category":0,"footnotes":""},"categories":[12],"tags":[],"class_list":["post-4442","post","type-post","status-publish","format-standard","hentry","category-lettre-s"],"acf":[],"_links":{"self":[{"href":"https:\/\/www.lesmaconsdelacreuse.fr\/annuaires\/wp-json\/wp\/v2\/posts\/4442","targetHints":{"allow":["GET"]}}],"collection":[{"href":"https:\/\/www.lesmaconsdelacreuse.fr\/annuaires\/wp-json\/wp\/v2\/posts"}],"about":[{"href":"https:\/\/www.lesmaconsdelacreuse.fr\/annuaires\/wp-json\/wp\/v2\/types\/post"}],"author":[{"embeddable":true,"href":"https:\/\/www.lesmaconsdelacreuse.fr\/annuaires\/wp-json\/wp\/v2\/users\/2"}],"replies":[{"embeddable":true,"href":"https:\/\/www.lesmaconsdelacreuse.fr\/annuaires\/wp-json\/wp\/v2\/comments?post=4442"}],"version-history":[{"count":0,"href":"https:\/\/www.lesmaconsdelacreuse.fr\/annuaires\/wp-json\/wp\/v2\/posts\/4442\/revisions"}],"wp:attachment":[{"href":"https:\/\/www.lesmaconsdelacreuse.fr\/annuaires\/wp-json\/wp\/v2\/media?parent=4442"}],"wp:term":[{"taxonomy":"category","embeddable":true,"href":"https:\/\/www.lesmaconsdelacreuse.fr\/annuaires\/wp-json\/wp\/v2\/categories?post=4442"},{"taxonomy":"post_tag","embeddable":true,"href":"https:\/\/www.lesmaconsdelacreuse.fr\/annuaires\/wp-json\/wp\/v2\/tags?post=4442"}],"curies":[{"name":"wp","href":"https:\/\/api.w.org\/{rel}","templated":true}]}}