{"id":4448,"date":"2019-07-28T12:12:02","date_gmt":"2019-07-28T10:12:02","guid":{"rendered":"http:\/\/lesmaconsdelacreuse.fr\/annuaire\/?p=4448"},"modified":"2020-10-11T15:09:43","modified_gmt":"2020-10-11T13:09:43","slug":"s_289","status":"publish","type":"post","link":"https:\/\/www.lesmaconsdelacreuse.fr\/annuaires\/lettre-s\/s_289\/","title":{"rendered":"SIMONET L\u00e9onard (1824-1882)"},"content":{"rendered":"<p class=\"last-updated\"><strong>Mis \u00e0 jour le :<\/strong> 30\/04\/2026<\/p><h2 style=\"text-align: center;\"><strong>L\u00e9onard SIMONET<\/strong><\/h2>\n<p style=\"text-align: center;\"><strong>1824 \u2013 1882<\/strong><\/p>\n<p style=\"text-align: center;\"><img decoding=\"async\" title=\"\" src=\"https:\/\/lesmaconsdelacreuse.fr\/annuaire\/wp-content\/uploads\/2019\/07\/image1-939.jpg\" alt=\"\" data-asset-id=\"4443\" data-source-id=\"i.0\" \/><\/p>\n<h4 style=\"text-align: center;\"><span style=\"color: #008000;\"><strong>ma\u00e7on <\/strong>et<strong> cultivateur<\/strong><\/span><\/h4>\n<p>&nbsp;<\/p>\n<p style=\"text-align: center;\">n\u00e9 \u00e0 La Cour-de-Rozet (Saint-Pardoux-Lavaud)<\/p>\n<p style=\"text-align: center;\">le 15 octobre 1824<\/p>\n<p style=\"text-align: center;\">fils de<\/p>\n<p style=\"text-align: center;\">L\u00e9onard SIMONET \/ Berthe DUTREIX<\/p>\n<p style=\"text-align: center;\">\u25ba<a href=\"https:\/\/www.lesmaconsdelacreuse.fr\/annuaires\/wp-content\/uploads\/2020\/08\/FERMIER-M\u00c9TAYER.png\" target=\"_blank\" rel=\"noopener noreferrer\">m\u00e9tayers<\/a><\/p>\n<p style=\"text-align: center;\"><span style=\"color: #ffffff;\">\u25d9<\/span><\/p>\n<p><em>L\u00e9onard \u00e9pouse L\u00e9onarde <\/em><strong>LEBLANC<\/strong><em> le 10 mars <\/em><strong>1856<\/strong><em> \u00e0 Morterolles (contrat Berger \u00e0 Bourganeuf). <\/em><\/p>\n<p><em>Ils habitent Rieublanc, commune de Morterolles. <\/em><\/p>\n<p><em>L\u00e9onard d\u00e9c\u00e8de au Bois-Rozet, commune de Faux-Mazuras, le 8 f\u00e9vrier <\/em><strong>1882<\/strong><em>, \u00e2g\u00e9 de 57 ans.<\/em><\/p>\n<p>&nbsp;<\/p>\n","protected":false},"excerpt":{"rendered":"<p>Mis \u00e0 jour le : 30\/04\/2026L\u00e9onard SIMONET 1824 \u2013 1882 ma\u00e7on et cultivateur &nbsp; n\u00e9 \u00e0 La Cour-de-Rozet (Saint-Pardoux-Lavaud) le 15 octobre 1824 fils de L\u00e9onard SIMONET \/ Berthe DUTREIX \u25bam\u00e9tayers \u25d9 L\u00e9onard \u00e9pouse L\u00e9onarde LEBLANC le 10 mars 1856 \u00e0 Morterolles (contrat Berger \u00e0 Bourganeuf). Ils habitent Rieublanc, commune de Morterolles. L\u00e9onard d\u00e9c\u00e8de au ..<\/p>\n<div class=\"clear-fix\"><\/div>\n<p><a href=\"https:\/\/www.lesmaconsdelacreuse.fr\/annuaires\/lettre-s\/s_289\/\" title=\"Lire la suite...\">Lire la suite<\/a><\/p>\n","protected":false},"author":2,"featured_media":0,"comment_status":"closed","ping_status":"closed","sticky":false,"template":"","format":"standard","meta":{"_acf_changed":false,"_exactmetrics_skip_tracking":false,"_exactmetrics_sitenote_active":false,"_exactmetrics_sitenote_note":"","_exactmetrics_sitenote_category":0,"footnotes":""},"categories":[12],"tags":[],"class_list":["post-4448","post","type-post","status-publish","format-standard","hentry","category-lettre-s"],"acf":[],"_links":{"self":[{"href":"https:\/\/www.lesmaconsdelacreuse.fr\/annuaires\/wp-json\/wp\/v2\/posts\/4448","targetHints":{"allow":["GET"]}}],"collection":[{"href":"https:\/\/www.lesmaconsdelacreuse.fr\/annuaires\/wp-json\/wp\/v2\/posts"}],"about":[{"href":"https:\/\/www.lesmaconsdelacreuse.fr\/annuaires\/wp-json\/wp\/v2\/types\/post"}],"author":[{"embeddable":true,"href":"https:\/\/www.lesmaconsdelacreuse.fr\/annuaires\/wp-json\/wp\/v2\/users\/2"}],"replies":[{"embeddable":true,"href":"https:\/\/www.lesmaconsdelacreuse.fr\/annuaires\/wp-json\/wp\/v2\/comments?post=4448"}],"version-history":[{"count":0,"href":"https:\/\/www.lesmaconsdelacreuse.fr\/annuaires\/wp-json\/wp\/v2\/posts\/4448\/revisions"}],"wp:attachment":[{"href":"https:\/\/www.lesmaconsdelacreuse.fr\/annuaires\/wp-json\/wp\/v2\/media?parent=4448"}],"wp:term":[{"taxonomy":"category","embeddable":true,"href":"https:\/\/www.lesmaconsdelacreuse.fr\/annuaires\/wp-json\/wp\/v2\/categories?post=4448"},{"taxonomy":"post_tag","embeddable":true,"href":"https:\/\/www.lesmaconsdelacreuse.fr\/annuaires\/wp-json\/wp\/v2\/tags?post=4448"}],"curies":[{"name":"wp","href":"https:\/\/api.w.org\/{rel}","templated":true}]}}