{"id":4449,"date":"2019-07-28T12:12:02","date_gmt":"2019-07-28T10:12:02","guid":{"rendered":"http:\/\/lesmaconsdelacreuse.fr\/annuaire\/?p=4449"},"modified":"2020-10-05T15:07:47","modified_gmt":"2020-10-05T13:07:47","slug":"s_290","status":"publish","type":"post","link":"https:\/\/www.lesmaconsdelacreuse.fr\/annuaires\/lettre-s\/s_290\/","title":{"rendered":"SIMONET Louis (1878-1950)"},"content":{"rendered":"<p class=\"last-updated\"><strong>Mis \u00e0 jour le :<\/strong> 30\/04\/2026<\/p><h2 style=\"text-align: center;\"><strong>Louis SIMONET<\/strong><\/h2>\n<p style=\"text-align: center;\"><strong>1878 \u2013 1950<\/strong><\/p>\n<p style=\"text-align: center;\"><img decoding=\"async\" title=\"\" src=\"https:\/\/lesmaconsdelacreuse.fr\/annuaire\/wp-content\/uploads\/2019\/07\/image1-941.jpg\" alt=\"\" data-asset-id=\"4445\" data-source-id=\"i.0\" \/><\/p>\n<h4 style=\"text-align: center;\"><strong><a href=\"https:\/\/www.lesmaconsdelacreuse.fr\/annuaires\/wp-content\/uploads\/2020\/07\/TAILLEUR-DE-PIERRE.png\">\u25ba <span style=\"color: #008000;\">tailleur de pierre<\/span><\/a>\u00a0<\/strong><span style=\"color: #008000;\">et<strong> cultivateur<\/strong><\/span><\/h4>\n<p>&nbsp;<\/p>\n<p style=\"text-align: center;\">n\u00e9 au Compeix (Saint-Pierre-le-Bost)<\/p>\n<p style=\"text-align: center;\">le 23 ao\u00fbt 1878<\/p>\n<p style=\"text-align: center;\">fils de<\/p>\n<p style=\"text-align: center;\">Pardoux SIMONET, mar\u00e9chal ferrant<\/p>\n<p style=\"text-align: center;\">Marie LENOIR, cultivatrice<\/p>\n<p style=\"text-align: center;\"><span style=\"color: #ffffff;\">\u25d9<\/span><\/p>\n<p><strong>En 1899<\/strong><em>, lors du conseil de r\u00e9vision, Louis est dispens\u00e9 de service militaire, ayant un fr\u00e8re r\u00e9form\u00e9 pour blessures re\u00e7ues pendant le service.<\/em><\/p>\n<p><em>Il \u00e9pouse Marie Eug\u00e9nie <\/em><strong>CHABAN<\/strong><em>, couturi\u00e8re, le 6 f\u00e9vrier <\/em><strong>1904<\/strong><em> \u00e0 Saint-Pierre-le-Bost. Ils habitent Le Compeix.<\/em><\/p>\n<p><strong>En 1912<\/strong><em>, Louis travaille \u00e0 <\/em><strong><span style=\"color: #0000ff;\">Saint-Ouen (93)<\/span>,<\/strong><em> et loge 36, rue des Graviers\u00a0;<\/em><\/p>\n<p><strong>en 1914<\/strong><em><strong>,<\/strong> \u00e0 <\/em><span style=\"color: #0000ff;\"><strong>Paris (75)<\/strong><\/span><em>, 44, rue Leibniz, 18e arrondissement.<\/em><\/p>\n<p><em>Les \u00e9poux d\u00e9c\u00e8dent au Compeix\u00a0:<\/em><\/p>\n<ul>\n<li><em>Marie, le 28 f\u00e9vrier <\/em><strong>1948<\/strong><em>, \u00e2g\u00e9e de 65 ans<\/em><\/li>\n<li><em>Louis, le 16 juin <\/em><strong>1950<\/strong><em>, \u00e2g\u00e9 de 71 ans<\/em><\/li>\n<\/ul>\n<p>&nbsp;<\/p>\n","protected":false},"excerpt":{"rendered":"<p>Mis \u00e0 jour le : 30\/04\/2026Louis SIMONET 1878 \u2013 1950 \u25ba tailleur de pierre\u00a0et cultivateur &nbsp; n\u00e9 au Compeix (Saint-Pierre-le-Bost) le 23 ao\u00fbt 1878 fils de Pardoux SIMONET, mar\u00e9chal ferrant Marie LENOIR, cultivatrice \u25d9 En 1899, lors du conseil de r\u00e9vision, Louis est dispens\u00e9 de service militaire, ayant un fr\u00e8re r\u00e9form\u00e9 pour blessures re\u00e7ues pendant ..<\/p>\n<div class=\"clear-fix\"><\/div>\n<p><a href=\"https:\/\/www.lesmaconsdelacreuse.fr\/annuaires\/lettre-s\/s_290\/\" title=\"Lire la suite...\">Lire la suite<\/a><\/p>\n","protected":false},"author":2,"featured_media":0,"comment_status":"closed","ping_status":"closed","sticky":false,"template":"","format":"standard","meta":{"_acf_changed":false,"_exactmetrics_skip_tracking":false,"_exactmetrics_sitenote_active":false,"_exactmetrics_sitenote_note":"","_exactmetrics_sitenote_category":0,"footnotes":""},"categories":[12],"tags":[],"class_list":["post-4449","post","type-post","status-publish","format-standard","hentry","category-lettre-s"],"acf":[],"_links":{"self":[{"href":"https:\/\/www.lesmaconsdelacreuse.fr\/annuaires\/wp-json\/wp\/v2\/posts\/4449","targetHints":{"allow":["GET"]}}],"collection":[{"href":"https:\/\/www.lesmaconsdelacreuse.fr\/annuaires\/wp-json\/wp\/v2\/posts"}],"about":[{"href":"https:\/\/www.lesmaconsdelacreuse.fr\/annuaires\/wp-json\/wp\/v2\/types\/post"}],"author":[{"embeddable":true,"href":"https:\/\/www.lesmaconsdelacreuse.fr\/annuaires\/wp-json\/wp\/v2\/users\/2"}],"replies":[{"embeddable":true,"href":"https:\/\/www.lesmaconsdelacreuse.fr\/annuaires\/wp-json\/wp\/v2\/comments?post=4449"}],"version-history":[{"count":0,"href":"https:\/\/www.lesmaconsdelacreuse.fr\/annuaires\/wp-json\/wp\/v2\/posts\/4449\/revisions"}],"wp:attachment":[{"href":"https:\/\/www.lesmaconsdelacreuse.fr\/annuaires\/wp-json\/wp\/v2\/media?parent=4449"}],"wp:term":[{"taxonomy":"category","embeddable":true,"href":"https:\/\/www.lesmaconsdelacreuse.fr\/annuaires\/wp-json\/wp\/v2\/categories?post=4449"},{"taxonomy":"post_tag","embeddable":true,"href":"https:\/\/www.lesmaconsdelacreuse.fr\/annuaires\/wp-json\/wp\/v2\/tags?post=4449"}],"curies":[{"name":"wp","href":"https:\/\/api.w.org\/{rel}","templated":true}]}}