{"id":4450,"date":"2019-07-28T12:12:02","date_gmt":"2019-07-28T10:12:02","guid":{"rendered":"http:\/\/lesmaconsdelacreuse.fr\/annuaire\/?p=4450"},"modified":"2020-10-05T15:08:29","modified_gmt":"2020-10-05T13:08:29","slug":"s_282","status":"publish","type":"post","link":"https:\/\/www.lesmaconsdelacreuse.fr\/annuaires\/lettre-s\/s_282\/","title":{"rendered":"SIMONET Jean Mo\u00efse (1880-1960)"},"content":{"rendered":"<p class=\"last-updated\"><strong>Mis \u00e0 jour le :<\/strong> 30\/04\/2026<\/p><h2 style=\"text-align: center;\"><strong>Jean Mo\u00efse SIMONET<\/strong><\/h2>\n<p style=\"text-align: center;\"><strong>1880 \u2013 1960<\/strong><\/p>\n<p style=\"text-align: center;\"><img loading=\"lazy\" decoding=\"async\" class=\"\" title=\"\" src=\"https:\/\/lesmaconsdelacreuse.fr\/annuaire\/wp-content\/uploads\/2019\/07\/image1-940.jpg\" alt=\"\" width=\"278\" height=\"78\" data-asset-id=\"4444\" data-source-id=\"i.0\" \/><\/p>\n<h4 style=\"text-align: center;\"><span style=\"color: #008000;\"><strong>ma\u00e7on<\/strong><\/span><\/h4>\n<p>&nbsp;<\/p>\n<p style=\"text-align: center;\">n\u00e9 \u00e0 Chez-Brouillard (Saint-Pierre-le-Bost)<\/p>\n<p style=\"text-align: center;\">le 6 octobre 1880<\/p>\n<p style=\"text-align: center;\">fils de<\/p>\n<p style=\"text-align: center;\">Fran\u00e7ois SIMONET, <strong><span style=\"color: #008000;\">ma\u00e7on<\/span> <\/strong>et<strong>\u00a0<a href=\"https:\/\/www.lesmaconsdelacreuse.fr\/annuaires\/wp-content\/uploads\/2020\/07\/TAILLEUR-DE-PIERRE.png\">\u25ba <span style=\"color: #008000;\">tailleur de pierre<\/span><\/a><\/strong><\/p>\n<p style=\"text-align: center;\">Marguerite LEBLANC<\/p>\n<p style=\"text-align: center;\">propri\u00e9taires cultivateurs<\/p>\n<p style=\"text-align: center;\"><span style=\"color: #ffffff;\">\u25d9<\/span><\/p>\n<p><strong>En 1901<\/strong><em>, Jean travaille dans le <\/em><span style=\"color: #0000ff;\"><strong>Rh\u00f4ne <\/strong><\/span><em>et y passe le conseil de r\u00e9vision. Il est dispens\u00e9 de service militaire comme fils unique de veuve.<\/em><\/p>\n<p><strong>En 1902<\/strong><em>, il habite <\/em><span style=\"color: #0000ff;\"><strong>Lyon (69)<\/strong><\/span><em> 3, rue du Commandant Dubois.<\/em><\/p>\n<p><em> Il \u00e9pouse Marie-Antoinette <\/em><strong>NOURRISSEAU<\/strong><em> le 1er f\u00e9vrier <\/em><strong>1904<\/strong><em> \u00e0 Saint-Pierre (contrat Toumieux \u00e0 Roy\u00e8re). <\/em><\/p>\n<p><em>La m\u00eame ann\u00e9e, il est \u00e0 Lyon, il loge 28, rue Villeroy\u00a0;<\/em><\/p>\n<p><strong>en 1907<\/strong><em>, \u00e0 <\/em><span style=\"color: #0000ff;\"><strong>Caluire (69)<\/strong><\/span><em>, 31, route de Strasbourg\u00a0;<\/em><\/p>\n<p><strong>en 1913<\/strong><em>, de nouveau \u00e0 Lyon, 26, rue Claude Bonnet\u00a0;<\/em><\/p>\n<p><strong>en 1960<\/strong><em>, 36, rue Jacquard, dans le 4e arrondissement.<\/em><\/p>\n<p><em>Il d\u00e9c\u00e8de le 2 mars de la m\u00eame ann\u00e9e \u00e0 \u25ba<a href=\"https:\/\/www.lesmaconsdelacreuse.fr\/annuaires\/\/wp-content\/uploads\/PHOTOS_-_CARTES_POSTALES\/LYON_-_Hopital_de_la_Croix_Rousse.jpg\" target=\"_blank\" rel=\"noopener noreferrer\">l\u2019H\u00f4pital de La Croix-Rousse<\/a>, Lyon 4e, \u00e2g\u00e9 de 79 ans<\/em><\/p>\n<p><em>Sa veuve d\u00e9c\u00e8de le 9 octobre <\/em>1962<em> \u00e0 Bourganeuf, \u00e2g\u00e9e de 79 ans.<\/em><\/p>\n<p>&nbsp;<\/p>\n","protected":false},"excerpt":{"rendered":"<p>Mis \u00e0 jour le : 30\/04\/2026Jean Mo\u00efse SIMONET 1880 \u2013 1960 ma\u00e7on &nbsp; n\u00e9 \u00e0 Chez-Brouillard (Saint-Pierre-le-Bost) le 6 octobre 1880 fils de Fran\u00e7ois SIMONET, ma\u00e7on et\u00a0\u25ba tailleur de pierre Marguerite LEBLANC propri\u00e9taires cultivateurs \u25d9 En 1901, Jean travaille dans le Rh\u00f4ne et y passe le conseil de r\u00e9vision. Il est dispens\u00e9 de service militaire ..<\/p>\n<div class=\"clear-fix\"><\/div>\n<p><a href=\"https:\/\/www.lesmaconsdelacreuse.fr\/annuaires\/lettre-s\/s_282\/\" title=\"Lire la suite...\">Lire la suite<\/a><\/p>\n","protected":false},"author":2,"featured_media":0,"comment_status":"closed","ping_status":"closed","sticky":false,"template":"","format":"standard","meta":{"_acf_changed":false,"_exactmetrics_skip_tracking":false,"_exactmetrics_sitenote_active":false,"_exactmetrics_sitenote_note":"","_exactmetrics_sitenote_category":0,"footnotes":""},"categories":[12],"tags":[],"class_list":["post-4450","post","type-post","status-publish","format-standard","hentry","category-lettre-s"],"acf":[],"_links":{"self":[{"href":"https:\/\/www.lesmaconsdelacreuse.fr\/annuaires\/wp-json\/wp\/v2\/posts\/4450","targetHints":{"allow":["GET"]}}],"collection":[{"href":"https:\/\/www.lesmaconsdelacreuse.fr\/annuaires\/wp-json\/wp\/v2\/posts"}],"about":[{"href":"https:\/\/www.lesmaconsdelacreuse.fr\/annuaires\/wp-json\/wp\/v2\/types\/post"}],"author":[{"embeddable":true,"href":"https:\/\/www.lesmaconsdelacreuse.fr\/annuaires\/wp-json\/wp\/v2\/users\/2"}],"replies":[{"embeddable":true,"href":"https:\/\/www.lesmaconsdelacreuse.fr\/annuaires\/wp-json\/wp\/v2\/comments?post=4450"}],"version-history":[{"count":0,"href":"https:\/\/www.lesmaconsdelacreuse.fr\/annuaires\/wp-json\/wp\/v2\/posts\/4450\/revisions"}],"wp:attachment":[{"href":"https:\/\/www.lesmaconsdelacreuse.fr\/annuaires\/wp-json\/wp\/v2\/media?parent=4450"}],"wp:term":[{"taxonomy":"category","embeddable":true,"href":"https:\/\/www.lesmaconsdelacreuse.fr\/annuaires\/wp-json\/wp\/v2\/categories?post=4450"},{"taxonomy":"post_tag","embeddable":true,"href":"https:\/\/www.lesmaconsdelacreuse.fr\/annuaires\/wp-json\/wp\/v2\/tags?post=4450"}],"curies":[{"name":"wp","href":"https:\/\/api.w.org\/{rel}","templated":true}]}}