{"id":4453,"date":"2019-07-28T12:12:02","date_gmt":"2019-07-28T10:12:02","guid":{"rendered":"http:\/\/lesmaconsdelacreuse.fr\/annuaire\/?p=4453"},"modified":"2021-01-17T10:15:06","modified_gmt":"2021-01-17T09:15:06","slug":"s_285","status":"publish","type":"post","link":"https:\/\/www.lesmaconsdelacreuse.fr\/annuaires\/lettre-s\/s_285\/","title":{"rendered":"SIMONET Jules Pierre (1878-1948)"},"content":{"rendered":"<p class=\"last-updated\"><strong>Mis \u00e0 jour le :<\/strong> 30\/04\/2026<\/p><h2 style=\"text-align: center;\"><strong>Jules Pierre SIMONET<\/strong><\/h2>\n<p style=\"text-align: center;\"><strong>Jules SIMONET<\/strong><\/p>\n<p style=\"text-align: center;\"><strong>1878 &#8211; 1948<\/strong><\/p>\n<p style=\"text-align: center;\"><img decoding=\"async\" title=\"\" src=\"https:\/\/lesmaconsdelacreuse.fr\/annuaire\/wp-content\/uploads\/2019\/07\/image1-943.jpg\" alt=\"\" data-asset-id=\"4447\" data-source-id=\"i.0\" \/><\/p>\n<h4 style=\"text-align: center;\"><span style=\"color: #008000;\"><strong>ma\u00e7on<\/strong><\/span><\/h4>\n<p>&nbsp;<\/p>\n<p style=\"text-align: center;\">n\u00e9 au bourg de Morterolles<\/p>\n<p style=\"text-align: center;\">le 6 septembre 1878<\/p>\n<p style=\"text-align: center;\">fils de<\/p>\n<p style=\"text-align: center;\">Jacques SIMONET,<span style=\"color: #008000;\"><strong> ma\u00e7on<\/strong><\/span><\/p>\n<p style=\"text-align: center;\">Marie BOURDEAU, cultivatrice<\/p>\n<p style=\"text-align: center;\"><span style=\"color: #ffffff;\">\u25d9<\/span><\/p>\n<p>En 1896, <em>le p\u00e8re de <\/em><em>\u25ba<\/em><a href=\"https:\/\/www.lesmaconsdelacreuse.fr\/annuaires\/wp-content\/uploads\/2020\/05\/SIMONET-Jules-Pierre.gif\" target=\"_blank\" rel=\"noopener noreferrer\">Jules<\/a> \u00a0<em>demande pour son fils mineur un <\/em><em>\u25ba <\/em><a href=\"https:\/\/www.lesmaconsdelacreuse.fr\/annuaires\/wp-content\/uploads\/2020\/05\/1896-Livret-douvrier-de-Jules-SIMONET.pdf\" target=\"_blank\" rel=\"noopener noreferrer\">livret d\u2019ouvrier<\/a><em>. Une seule page est remplie, indiquant que le jeune homme part travailler \u00e0 <\/em><strong>Lyon (69)<\/strong><em>. <\/em><\/p>\n<p>En 1899<em>, <\/em><em>il <\/em><em>\u00a0y passe le conseil de r\u00e9vision.<\/em><\/p>\n<p><em>\u25ba<\/em><a href=\"https:\/\/www.lesmaconsdelacreuse.fr\/annuaires\/wp-content\/uploads\/2020\/05\/1910-Livret-de-syndiqu\u00e9-de-Jules-SIMONET-2.pdf\" target=\"_blank\" rel=\"noopener noreferrer\">En 1910<\/a><em>, il est syndiqu\u00e9.<\/em><\/p>\n<p><em>\u00a0Il \u00e9pouse Am\u00e9lie <\/em><strong>M\u00c9MERY<\/strong><em> le 27 f\u00e9vrier <\/em>1912<em> \u00e0 Roy\u00e8re (contrat Toumieux).<\/em><\/p>\n<p><em>\u00a0Ils habitent d\u2019abord le bourg de Morterolles.<\/em><\/p>\n<p>De 1925 \u00e0 1932 <em>au moins, ils sont \u00e0 Lyon, 8, impasse Dubois, quartier de La Croix-Rousse\u00a0;<\/em><\/p>\n<p>\u25ba<a href=\"https:\/\/www.lesmaconsdelacreuse.fr\/annuaires\/wp-content\/uploads\/2020\/05\/1943-ASSOCIATION-G\u00c9N\u00c9RALE-DES-BTP-DU-rH\u00d6NE.pdf\" target=\"_blank\" rel=\"noopener noreferrer\">En 1943<\/a><em>, Jules est membre de l\u2019Association G\u00e9n\u00e9rale des B\u00e2timents et Travaux publics du Rh\u00f4ne.<\/em><\/p>\n<p>\u25ba<a href=\"https:\/\/www.lesmaconsdelacreuse.fr\/annuaires\/wp-content\/uploads\/2020\/05\/1947-Ticket-ouvrier-pour-omnibus.pdf\" target=\"_blank\" rel=\"noopener noreferrer\">En 1947<\/a><em>, il travaille pour l\u2019Entreprise G\u00e9n\u00e9rale de Ma\u00e7onnerie Combret p\u00e8re et fils a\u00een\u00e9, 24, rue de Grenelle. Le couple habite 3, rue Carquillat, dans le 1<sup>er<\/sup>arrondissement.<\/em><\/p>\n<p><em>Il d\u00e9c\u00e8de \u00e0 cette adresse \u00a0\u00a0le 19 novembre de l&rsquo;ann\u00e9e suivante, \u00e2g\u00e9 de 70 ans.<\/em><\/p>\n<p><em>Sa veuve d\u00e9c\u00e8de le 17 f\u00e9vrier <\/em>1973<em>, \u00e2g\u00e9e de 83 ans, en son nouveau domicile, 5, rue Marie-Anne Leroudier, aussi dans le 1<sup>er<\/sup> <\/em><\/p>\n<p><em>Deux des <\/em><strong>carnets de travail<\/strong><em> de Jules Simonet (1923 \u00e0 1929 et 1935 \u00e0 1948) sont parvenus jusqu\u2019\u00e0 nous. Ils contiennent une foule de renseignements sur les entreprises et les particuliers\u00a0 pour lesquels il a travaill\u00e9:<\/em><\/p>\n<p>1923\u00a0: \u00a0TOURNAUD<em>, <\/em>entrepreneur<\/p>\n<p>1924\u00a0:\u00a0 LEPETIT entrepreneur<\/p>\n<p>1925\u00a0: entreprise NANNETI \u00e0 Cailloux-sur-Fontaine (69)<\/p>\n<p><em>\u00a0\u00a0\u00a0\u00a0\u00a0\u00a0\u00a0\u00a0\u00a0\u00a0\u00a0\u00a0\u00a0\u00a0 <\/em>PERPROT fr\u00e8res, entrepreneurs<\/p>\n<p>1926\u00a0:<em> M. <\/em>BERTHOLLIER<\/p>\n<p>1927\u00a0: travaux \u00e0 la villa de<em> M. <\/em>DAMIAN,<em>\u00a0 <\/em>rue JB Say, , commenc\u00e9s le 21 mars \u00e0 la Croix Rousse.<\/p>\n<p>M. BERTHOLLIER<\/p>\n<p>1928\u00a0<em>: <\/em>maison VERTADIER et Cie<\/p>\n<p><em>\u00a0\u00a0\u00a0\u00a0\u00a0\u00a0\u00a0\u00a0\u00a0\u00a0\u00a0\u00a0\u00a0\u00a0 <\/em>travail sur des fa\u00e7ades, 17, rue Sainte-Catherine<\/p>\n<p><em>\u00a0\u00a0\u00a0\u00a0\u00a0\u00a0\u00a0\u00a0\u00a0\u00a0\u00a0\u00a0\u00a0\u00a0 <\/em>TARGE et fils, rue de Marseille<\/p>\n<p><em>\u00a0\u00a0\u00a0\u00a0\u00a0\u00a0\u00a0\u00a0\u00a0\u00a0\u00a0\u00a0\u00a0\u00a0 <\/em>travail aux nouveaux abattoirs, avenue Leclerc<\/p>\n<p><em>\u00a0\u00a0\u00a0\u00a0\u00a0\u00a0\u00a0\u00a0\u00a0\u00a0\u00a0\u00a0\u00a0\u00a0 FR\u00c8REJEAN et VERTADIER, <\/em>8, \u00a0rue Vaubecour<\/p>\n<p>1929 : hospitalis\u00e9 \u00e0 l\u2019H\u00f4pital Saint-Jean, au service des accident\u00e9s du travail, il reprend \u00a0le 12 novembre, aux nouveaux abattoirs, avenue Leclerc<\/p>\n<p>1935\u00a0: entreprise PIGEROULET et BEILLPNNET, 3, rus Denfert-Rochereau<\/p>\n<p>entreprise BORIE<\/p>\n<p>P\u00c9CHALAT, 124, cours Lafayette<\/p>\n<p>entrepreneur CHAISE, 7, rue de La Viabert<\/p>\n<p>1936\u00a0: LEGROS, entrepreneur<\/p>\n<p>1937\u00a0: entrepreneurs MAZIER et PLAZANET<\/p>\n<p>service vicinal<\/p>\n<p>1938\u00a0:\u00a0 service vicinal de Caluire<\/p>\n<p>1939\u00a0: \u00a0entreprise du tunnel sous la Croix Rousse<\/p>\n<p>1940\u00a0: entreprise SABARLY<\/p>\n<p>entreprise BORIE<\/p>\n<p>entreprise des Ponts et Chauss\u00e9es \u00e0 Saint-Clair<\/p>\n<p>entreprise P\u012dROL, cours d\u2019Herbouville<\/p>\n<p>entreprise FAURE, 58, grande rue de Monplaisir<\/p>\n<p>1941\u00a0: entreprise COMBRET, 55, rue Franklin \u00e0 Perrache<\/p>\n<p>&nbsp;<\/p>\n","protected":false},"excerpt":{"rendered":"<p>Mis \u00e0 jour le : 30\/04\/2026Jules Pierre SIMONET Jules SIMONET 1878 &#8211; 1948 ma\u00e7on &nbsp; n\u00e9 au bourg de Morterolles le 6 septembre 1878 fils de Jacques SIMONET, ma\u00e7on Marie BOURDEAU, cultivatrice \u25d9 En 1896, le p\u00e8re de \u25baJules \u00a0demande pour son fils mineur un \u25ba livret d\u2019ouvrier. Une seule page est remplie, indiquant que ..<\/p>\n<div class=\"clear-fix\"><\/div>\n<p><a href=\"https:\/\/www.lesmaconsdelacreuse.fr\/annuaires\/lettre-s\/s_285\/\" title=\"Lire la suite...\">Lire la suite<\/a><\/p>\n","protected":false},"author":2,"featured_media":0,"comment_status":"closed","ping_status":"closed","sticky":false,"template":"","format":"standard","meta":{"_acf_changed":false,"_exactmetrics_skip_tracking":false,"_exactmetrics_sitenote_active":false,"_exactmetrics_sitenote_note":"","_exactmetrics_sitenote_category":0,"footnotes":""},"categories":[12],"tags":[],"class_list":["post-4453","post","type-post","status-publish","format-standard","hentry","category-lettre-s"],"acf":[],"_links":{"self":[{"href":"https:\/\/www.lesmaconsdelacreuse.fr\/annuaires\/wp-json\/wp\/v2\/posts\/4453","targetHints":{"allow":["GET"]}}],"collection":[{"href":"https:\/\/www.lesmaconsdelacreuse.fr\/annuaires\/wp-json\/wp\/v2\/posts"}],"about":[{"href":"https:\/\/www.lesmaconsdelacreuse.fr\/annuaires\/wp-json\/wp\/v2\/types\/post"}],"author":[{"embeddable":true,"href":"https:\/\/www.lesmaconsdelacreuse.fr\/annuaires\/wp-json\/wp\/v2\/users\/2"}],"replies":[{"embeddable":true,"href":"https:\/\/www.lesmaconsdelacreuse.fr\/annuaires\/wp-json\/wp\/v2\/comments?post=4453"}],"version-history":[{"count":0,"href":"https:\/\/www.lesmaconsdelacreuse.fr\/annuaires\/wp-json\/wp\/v2\/posts\/4453\/revisions"}],"wp:attachment":[{"href":"https:\/\/www.lesmaconsdelacreuse.fr\/annuaires\/wp-json\/wp\/v2\/media?parent=4453"}],"wp:term":[{"taxonomy":"category","embeddable":true,"href":"https:\/\/www.lesmaconsdelacreuse.fr\/annuaires\/wp-json\/wp\/v2\/categories?post=4453"},{"taxonomy":"post_tag","embeddable":true,"href":"https:\/\/www.lesmaconsdelacreuse.fr\/annuaires\/wp-json\/wp\/v2\/tags?post=4453"}],"curies":[{"name":"wp","href":"https:\/\/api.w.org\/{rel}","templated":true}]}}