{"id":4455,"date":"2019-07-28T12:12:02","date_gmt":"2019-07-28T10:12:02","guid":{"rendered":"http:\/\/lesmaconsdelacreuse.fr\/annuaire\/?p=4455"},"modified":"2020-10-04T14:42:58","modified_gmt":"2020-10-04T12:42:58","slug":"s_275","status":"publish","type":"post","link":"https:\/\/www.lesmaconsdelacreuse.fr\/annuaires\/lettre-s\/s_275\/","title":{"rendered":"SIMONET Jean (1848-apr\u00e8s 1897)"},"content":{"rendered":"<p class=\"last-updated\"><strong>Mis \u00e0 jour le :<\/strong> 30\/04\/2026<\/p><h2 style=\"text-align: center;\"><strong>Jean SIMONET<\/strong><\/h2>\n<p style=\"text-align: center;\"><strong>Jean-Baptiste SIMONET<\/strong><\/p>\n<p style=\"text-align: center;\"><strong>1848 \u2013 apr\u00e8s 1897<\/strong><\/p>\n<p style=\"text-align: center;\"><img decoding=\"async\" title=\"\" src=\"https:\/\/lesmaconsdelacreuse.fr\/annuaire\/wp-content\/uploads\/2019\/07\/image1-942.jpg\" alt=\"\" data-asset-id=\"4446\" data-source-id=\"i.0\" \/><\/p>\n<h4 style=\"text-align: center;\"><span style=\"color: #008000;\"><strong>ma\u00e7on<\/strong><\/span> <span style=\"color: #008000;\">et<\/span>\u00a0<strong><em>\u25ba<a href=\"https:\/\/www.lesmaconsdelacreuse.fr\/annuaires\/wp-content\/uploads\/2020\/07\/FUMISTE.png\" target=\"_blank\" rel=\"noopener noreferrer\"><span style=\"color: #008000;\">fumiste<\/span><\/a><\/em><\/strong><\/h4>\n<p>&nbsp;<\/p>\n<p style=\"text-align: center;\">n\u00e9 \u00e0 La Cour-de-Rozet (Saint-Pardoux-Lavaud)<\/p>\n<p style=\"text-align: center;\">le 1er mars 1848<\/p>\n<p style=\"text-align: center;\">fils de<\/p>\n<p style=\"text-align: center;\">Jean-Baptiste SIMONET, <span style=\"color: #008000;\"><strong>ma\u00e7on <\/strong><\/span><strong>\/ <\/strong>Anne LARBANEIX<\/p>\n<p style=\"text-align: center;\">propri\u00e9taires cultivateurs<\/p>\n<p style=\"text-align: center;\"><span style=\"color: #ffffff;\">\u25d9<\/span><\/p>\n<p><strong>En 1869<\/strong><em>, Jean travaille en <\/em><span style=\"color: #0000ff;\"><strong>Gironde <\/strong><\/span><em>et y passe le conseil de r\u00e9vision. Il s\u2019y pr\u00e9sente avec une fracture du bras droit.<\/em><\/p>\n<p><em> Il \u00e9pouse Jeanne-\u00c9milie <\/em><strong>CL\u00c9MENT<\/strong><em> le 20 f\u00e9vrier <\/em><strong>1872<\/strong><em> \u00e0 Saint-Pardoux (contrat Berger \u00e0 Bourganeuf).<\/em><\/p>\n<p><strong>En 1879<\/strong><em>, ils sont \u00e0 <\/em><span style=\"color: #0000ff;\"><strong>Bordeaux (33)<\/strong><\/span><em>, 10, rue Puys\u00e9gur<\/em><\/p>\n<p><strong>en 1882 et 1885<\/strong><em>, 23, rue des Champs Fleuris\u00a0; <\/em><\/p>\n<p><strong>en \u00a01897<\/strong><em>, 36, rue Chabry. <\/em><\/p>\n<p><strong>\u00a0<\/strong><\/p>\n<p style=\"text-align: center;\"><span style=\"color: #ffffff;\">\u25d9<\/span><\/p>\n","protected":false},"excerpt":{"rendered":"<p>Mis \u00e0 jour le : 30\/04\/2026Jean SIMONET Jean-Baptiste SIMONET 1848 \u2013 apr\u00e8s 1897 ma\u00e7on et\u00a0\u25bafumiste &nbsp; n\u00e9 \u00e0 La Cour-de-Rozet (Saint-Pardoux-Lavaud) le 1er mars 1848 fils de Jean-Baptiste SIMONET, ma\u00e7on \/ Anne LARBANEIX propri\u00e9taires cultivateurs \u25d9 En 1869, Jean travaille en Gironde et y passe le conseil de r\u00e9vision. Il s\u2019y pr\u00e9sente avec une fracture ..<\/p>\n<div class=\"clear-fix\"><\/div>\n<p><a href=\"https:\/\/www.lesmaconsdelacreuse.fr\/annuaires\/lettre-s\/s_275\/\" title=\"Lire la suite...\">Lire la suite<\/a><\/p>\n","protected":false},"author":2,"featured_media":0,"comment_status":"closed","ping_status":"closed","sticky":false,"template":"","format":"standard","meta":{"_acf_changed":false,"_exactmetrics_skip_tracking":false,"_exactmetrics_sitenote_active":false,"_exactmetrics_sitenote_note":"","_exactmetrics_sitenote_category":0,"footnotes":""},"categories":[12],"tags":[],"class_list":["post-4455","post","type-post","status-publish","format-standard","hentry","category-lettre-s"],"acf":[],"_links":{"self":[{"href":"https:\/\/www.lesmaconsdelacreuse.fr\/annuaires\/wp-json\/wp\/v2\/posts\/4455","targetHints":{"allow":["GET"]}}],"collection":[{"href":"https:\/\/www.lesmaconsdelacreuse.fr\/annuaires\/wp-json\/wp\/v2\/posts"}],"about":[{"href":"https:\/\/www.lesmaconsdelacreuse.fr\/annuaires\/wp-json\/wp\/v2\/types\/post"}],"author":[{"embeddable":true,"href":"https:\/\/www.lesmaconsdelacreuse.fr\/annuaires\/wp-json\/wp\/v2\/users\/2"}],"replies":[{"embeddable":true,"href":"https:\/\/www.lesmaconsdelacreuse.fr\/annuaires\/wp-json\/wp\/v2\/comments?post=4455"}],"version-history":[{"count":0,"href":"https:\/\/www.lesmaconsdelacreuse.fr\/annuaires\/wp-json\/wp\/v2\/posts\/4455\/revisions"}],"wp:attachment":[{"href":"https:\/\/www.lesmaconsdelacreuse.fr\/annuaires\/wp-json\/wp\/v2\/media?parent=4455"}],"wp:term":[{"taxonomy":"category","embeddable":true,"href":"https:\/\/www.lesmaconsdelacreuse.fr\/annuaires\/wp-json\/wp\/v2\/categories?post=4455"},{"taxonomy":"post_tag","embeddable":true,"href":"https:\/\/www.lesmaconsdelacreuse.fr\/annuaires\/wp-json\/wp\/v2\/tags?post=4455"}],"curies":[{"name":"wp","href":"https:\/\/api.w.org\/{rel}","templated":true}]}}