{"id":4462,"date":"2019-07-28T12:12:02","date_gmt":"2019-07-28T10:12:02","guid":{"rendered":"http:\/\/lesmaconsdelacreuse.fr\/annuaire\/?p=4462"},"modified":"2020-10-03T08:55:21","modified_gmt":"2020-10-03T06:55:21","slug":"s_278","status":"publish","type":"post","link":"https:\/\/www.lesmaconsdelacreuse.fr\/annuaires\/lettre-s\/s_278\/","title":{"rendered":"SIMONET Jean-Baptiste (1805-1851)"},"content":{"rendered":"<p class=\"last-updated\"><strong>Mis \u00e0 jour le :<\/strong> 30\/04\/2026<\/p><h2 style=\"text-align: center;\"><strong>Jean-Baptiste SIMONET<\/strong><\/h2>\n<p style=\"text-align: center;\"><strong>Baptiste SIMONET<\/strong><\/p>\n<p style=\"text-align: center;\"><strong>1805 \u2013 1851<\/strong><\/p>\n<p style=\"text-align: center;\"><img decoding=\"async\" title=\"\" src=\"https:\/\/lesmaconsdelacreuse.fr\/annuaire\/wp-content\/uploads\/2019\/07\/image1-945.jpg\" alt=\"\" data-asset-id=\"4459\" data-source-id=\"i.0\" \/><\/p>\n<h4 style=\"text-align: center;\"><span style=\"color: #008000;\"><strong>ma\u00e7on <\/strong>et <strong>propri\u00e9taire cultivateur<\/strong><\/span><\/h4>\n<p>&nbsp;<\/p>\n<p style=\"text-align: center;\">n\u00e9 \u00e0 La Cour-de-Rozet (Saint-Pardoux-Lavaud)<\/p>\n<p style=\"text-align: center;\">en septembre 1805, <em>selon \u25ba<a href=\"https:\/\/www.lesmaconsdelacreuse.fr\/annuaires\/wp-content\/uploads\/2019\/08\/ACTE-DE-NOTORI\u00c9T\u00c9.png\" target=\"_blank\" rel=\"noopener noreferrer\">acte de notori\u00e9t\u00e9<\/a><br \/>\n<\/em><\/p>\n<p style=\"text-align: center;\">fils de<\/p>\n<p style=\"text-align: center;\">Jacques SIMONET \/ Fran\u00e7oise ALL\u00c9ONARD<\/p>\n<p style=\"text-align: center;\">cultivateurs<\/p>\n<p style=\"text-align: center;\"><span style=\"color: #ffffff;\">\u25d9<\/span><\/p>\n<p><em>Baptiste \u00e9pouse L\u00e9onarde <\/em><strong>BOURDEAU<\/strong><em> le 24 f\u00e9vrier <\/em><strong>1829<\/strong><em> \u00e0 Saint-Pardoux-Lavaud (contrat Jarrijon \u00e0 Saint-Martin-Ch\u00e2teau). Le couple habite aux Farges, commune de Saint-Pardoux. <\/em><\/p>\n<p><em>L\u00e9onarde y d\u00e9c\u00e8de, le 9 mai <\/em><strong>1832<\/strong><em>, \u00e2g\u00e9e de 22 ans.<\/em><\/p>\n<p><strong> Avant 1835<\/strong><em>, Baptiste se remarie avec Marie <\/em><strong>SAUVANAUD<\/strong> <em>. Marie d\u00e9c\u00e8de le 20 janvier <\/em>1841<em> \u00e0 La Cour-de-Rozet, \u00e2g\u00e9e de 29 ans environ. <\/em><\/p>\n<p><em>Jean-Baptiste \u00e9pouse en troisi\u00e8mes noces Anne <\/em><strong>LARBANEIX <\/strong><em>le 30 janvier <\/em><strong>1843<\/strong> <em>\u00e0 Saint-Pardoux (contrat Jarrijon \u00e0 Saint-Martin-Ch\u00e2teau). <\/em><\/p>\n<p><em>Ils d\u00e9c\u00e8dent\u00a0:<\/em><\/p>\n<ul>\n<li><em>Jean-Baptiste, \u00e0 Bourganeuf, le 26 f\u00e9vrier <\/em><strong>1851<\/strong><em>, \u00e2g\u00e9 de 45 ans<\/em><\/li>\n<li><em>Anne, \u00e0 La Cour-de-Rozet, le 21 juillet <\/em><strong>1861<\/strong><em>, \u00e2g\u00e9e d\u2019environ 49 ans<\/em><\/li>\n<\/ul>\n<p>&nbsp;<\/p>\n","protected":false},"excerpt":{"rendered":"<p>Mis \u00e0 jour le : 30\/04\/2026Jean-Baptiste SIMONET Baptiste SIMONET 1805 \u2013 1851 ma\u00e7on et propri\u00e9taire cultivateur &nbsp; n\u00e9 \u00e0 La Cour-de-Rozet (Saint-Pardoux-Lavaud) en septembre 1805, selon \u25baacte de notori\u00e9t\u00e9 fils de Jacques SIMONET \/ Fran\u00e7oise ALL\u00c9ONARD cultivateurs \u25d9 Baptiste \u00e9pouse L\u00e9onarde BOURDEAU le 24 f\u00e9vrier 1829 \u00e0 Saint-Pardoux-Lavaud (contrat Jarrijon \u00e0 Saint-Martin-Ch\u00e2teau). Le couple habite ..<\/p>\n<div class=\"clear-fix\"><\/div>\n<p><a href=\"https:\/\/www.lesmaconsdelacreuse.fr\/annuaires\/lettre-s\/s_278\/\" title=\"Lire la suite...\">Lire la suite<\/a><\/p>\n","protected":false},"author":2,"featured_media":0,"comment_status":"closed","ping_status":"closed","sticky":false,"template":"","format":"standard","meta":{"_acf_changed":false,"_exactmetrics_skip_tracking":false,"_exactmetrics_sitenote_active":false,"_exactmetrics_sitenote_note":"","_exactmetrics_sitenote_category":0,"footnotes":""},"categories":[12],"tags":[],"class_list":["post-4462","post","type-post","status-publish","format-standard","hentry","category-lettre-s"],"acf":[],"_links":{"self":[{"href":"https:\/\/www.lesmaconsdelacreuse.fr\/annuaires\/wp-json\/wp\/v2\/posts\/4462","targetHints":{"allow":["GET"]}}],"collection":[{"href":"https:\/\/www.lesmaconsdelacreuse.fr\/annuaires\/wp-json\/wp\/v2\/posts"}],"about":[{"href":"https:\/\/www.lesmaconsdelacreuse.fr\/annuaires\/wp-json\/wp\/v2\/types\/post"}],"author":[{"embeddable":true,"href":"https:\/\/www.lesmaconsdelacreuse.fr\/annuaires\/wp-json\/wp\/v2\/users\/2"}],"replies":[{"embeddable":true,"href":"https:\/\/www.lesmaconsdelacreuse.fr\/annuaires\/wp-json\/wp\/v2\/comments?post=4462"}],"version-history":[{"count":0,"href":"https:\/\/www.lesmaconsdelacreuse.fr\/annuaires\/wp-json\/wp\/v2\/posts\/4462\/revisions"}],"wp:attachment":[{"href":"https:\/\/www.lesmaconsdelacreuse.fr\/annuaires\/wp-json\/wp\/v2\/media?parent=4462"}],"wp:term":[{"taxonomy":"category","embeddable":true,"href":"https:\/\/www.lesmaconsdelacreuse.fr\/annuaires\/wp-json\/wp\/v2\/categories?post=4462"},{"taxonomy":"post_tag","embeddable":true,"href":"https:\/\/www.lesmaconsdelacreuse.fr\/annuaires\/wp-json\/wp\/v2\/tags?post=4462"}],"curies":[{"name":"wp","href":"https:\/\/api.w.org\/{rel}","templated":true}]}}