{"id":4466,"date":"2019-07-28T12:12:01","date_gmt":"2019-07-28T10:12:01","guid":{"rendered":"http:\/\/lesmaconsdelacreuse.fr\/annuaire\/?p=4466"},"modified":"2022-06-08T10:43:46","modified_gmt":"2022-06-08T08:43:46","slug":"s_241","status":"publish","type":"post","link":"https:\/\/www.lesmaconsdelacreuse.fr\/annuaires\/lettre-s\/s_241\/","title":{"rendered":"SENY Lucien Sylvain (1893-1973)"},"content":{"rendered":"<p class=\"last-updated\"><strong>Mis \u00e0 jour le :<\/strong> 30\/04\/2026<\/p><h2 style=\"text-align: center;\"><strong>Lucien Sylvain SENY<\/strong><\/h2>\n<p style=\"text-align: center;\"><strong>Lucien SENY<\/strong><\/p>\n<p style=\"text-align: center;\"><strong>1893 \u2013 1973<\/strong><\/p>\n<p><a href=\"https:\/\/www.lesmaconsdelacreuse.fr\/annuaires\/wp-content\/uploads\/2019\/07\/SENY-Lucien-Sylvain-1893.jpg\"><img loading=\"lazy\" decoding=\"async\" class=\"size-full wp-image-200225 aligncenter\" src=\"https:\/\/www.lesmaconsdelacreuse.fr\/annuaires\/wp-content\/uploads\/2019\/07\/SENY-Lucien-Sylvain-1893.jpg\" alt=\"\" width=\"98\" height=\"55\" srcset=\"https:\/\/www.lesmaconsdelacreuse.fr\/annuaires\/wp-content\/uploads\/2019\/07\/SENY-Lucien-Sylvain-1893.jpg 98w, https:\/\/www.lesmaconsdelacreuse.fr\/annuaires\/wp-content\/uploads\/2019\/07\/SENY-Lucien-Sylvain-1893-16x9.jpg 16w\" sizes=\"auto, (max-width: 98px) 100vw, 98px\" \/><\/a><\/p>\n<h4 style=\"text-align: center;\"><span style=\"color: #008000;\"><strong>ma\u00e7on<\/strong><\/span><\/h4>\n<p style=\"text-align: center;\">n\u00e9 au Mazeau (Saint-Pardoux-Lavaud)<\/p>\n<p style=\"text-align: center;\">le 9 octobre 1893<\/p>\n<p style=\"text-align: center;\">fils de<\/p>\n<p style=\"text-align: center;\">Jean SENY, <span style=\"color: #008000;\"><strong>ma\u00e7on<\/strong><\/span><\/p>\n<p style=\"text-align: center;\">Anne LAUZAT, cultivatrice<\/p>\n<p style=\"text-align: center;\"><span style=\"color: #ffffff;\">\u25d9<\/span><\/p>\n<p><strong>En 1921<\/strong><em>, Lucien habite <\/em><span style=\"color: #0000ff;\"><strong>Paris (75)<\/strong><\/span><em>, 14, rue de Bi\u00e8vre, 5e arrondissement.<\/em><\/p>\n<p><em>\u00a0Il \u00e9pouse Fran\u00e7oise <\/em><strong>TOURLAN<\/strong><em>\u00a0, employ\u00e9e de commerce native du Cantal, le 20 octobre<\/em> <strong>1928<\/strong> <em>\u00e0 Paris 5<sup>e<\/sup> (mari\u00e9s sans contrat).<\/em><\/p>\n<p><strong>En 1939<\/strong><em>, ils habitent, 3, rue Victor Letalle, 20 e arrondissement.<\/em><\/p>\n<p><em>Lucien d\u00e9c\u00e8de \u00e0 Bourganeuf le 26 juillet <\/em><strong>1973<\/strong><em>, \u00e2g\u00e9 de 79 ans.<\/em><\/p>\n","protected":false},"excerpt":{"rendered":"<p>Mis \u00e0 jour le : 30\/04\/2026Lucien Sylvain SENY Lucien SENY 1893 \u2013 1973 ma\u00e7on n\u00e9 au Mazeau (Saint-Pardoux-Lavaud) le 9 octobre 1893 fils de Jean SENY, ma\u00e7on Anne LAUZAT, cultivatrice \u25d9 En 1921, Lucien habite Paris (75), 14, rue de Bi\u00e8vre, 5e arrondissement. \u00a0Il \u00e9pouse Fran\u00e7oise TOURLAN\u00a0, employ\u00e9e de commerce native du Cantal, le 20 ..<\/p>\n<div class=\"clear-fix\"><\/div>\n<p><a href=\"https:\/\/www.lesmaconsdelacreuse.fr\/annuaires\/lettre-s\/s_241\/\" title=\"Lire la suite...\">Lire la suite<\/a><\/p>\n","protected":false},"author":2,"featured_media":0,"comment_status":"closed","ping_status":"closed","sticky":false,"template":"","format":"standard","meta":{"_acf_changed":false,"_exactmetrics_skip_tracking":false,"_exactmetrics_sitenote_active":false,"_exactmetrics_sitenote_note":"","_exactmetrics_sitenote_category":0,"footnotes":""},"categories":[12],"tags":[],"class_list":["post-4466","post","type-post","status-publish","format-standard","hentry","category-lettre-s"],"acf":[],"_links":{"self":[{"href":"https:\/\/www.lesmaconsdelacreuse.fr\/annuaires\/wp-json\/wp\/v2\/posts\/4466","targetHints":{"allow":["GET"]}}],"collection":[{"href":"https:\/\/www.lesmaconsdelacreuse.fr\/annuaires\/wp-json\/wp\/v2\/posts"}],"about":[{"href":"https:\/\/www.lesmaconsdelacreuse.fr\/annuaires\/wp-json\/wp\/v2\/types\/post"}],"author":[{"embeddable":true,"href":"https:\/\/www.lesmaconsdelacreuse.fr\/annuaires\/wp-json\/wp\/v2\/users\/2"}],"replies":[{"embeddable":true,"href":"https:\/\/www.lesmaconsdelacreuse.fr\/annuaires\/wp-json\/wp\/v2\/comments?post=4466"}],"version-history":[{"count":3,"href":"https:\/\/www.lesmaconsdelacreuse.fr\/annuaires\/wp-json\/wp\/v2\/posts\/4466\/revisions"}],"predecessor-version":[{"id":200226,"href":"https:\/\/www.lesmaconsdelacreuse.fr\/annuaires\/wp-json\/wp\/v2\/posts\/4466\/revisions\/200226"}],"wp:attachment":[{"href":"https:\/\/www.lesmaconsdelacreuse.fr\/annuaires\/wp-json\/wp\/v2\/media?parent=4466"}],"wp:term":[{"taxonomy":"category","embeddable":true,"href":"https:\/\/www.lesmaconsdelacreuse.fr\/annuaires\/wp-json\/wp\/v2\/categories?post=4466"},{"taxonomy":"post_tag","embeddable":true,"href":"https:\/\/www.lesmaconsdelacreuse.fr\/annuaires\/wp-json\/wp\/v2\/tags?post=4466"}],"curies":[{"name":"wp","href":"https:\/\/api.w.org\/{rel}","templated":true}]}}