{"id":4475,"date":"2019-07-28T12:12:01","date_gmt":"2019-07-28T10:12:01","guid":{"rendered":"http:\/\/lesmaconsdelacreuse.fr\/annuaire\/?p=4475"},"modified":"2020-01-20T11:29:59","modified_gmt":"2020-01-20T10:29:59","slug":"s_268","status":"publish","type":"post","link":"https:\/\/www.lesmaconsdelacreuse.fr\/annuaires\/lettre-s\/s_268\/","title":{"rendered":"SIMONET Jacques (1810-1857)"},"content":{"rendered":"<p class=\"last-updated\"><strong>Mis \u00e0 jour le :<\/strong> 30\/04\/2026<\/p><h2 style=\"text-align: center;\"><strong>Jacques SIMONET<\/strong><\/h2>\n<p style=\"text-align: center;\"><strong>1810 \u2013 1857<\/strong><\/p>\n<p style=\"text-align: center;\"><img decoding=\"async\" title=\"\" src=\"https:\/\/lesmaconsdelacreuse.fr\/annuaire\/wp-content\/uploads\/2019\/07\/image1-950.jpg\" alt=\"\" data-asset-id=\"4472\" data-source-id=\"i.0\" \/><\/p>\n<h4 style=\"text-align: center;\"><span style=\"color: #008000;\"><strong>ma\u00e7on<\/strong> et <strong>propri\u00e9taire cultivateur<\/strong><\/span><\/h4>\n<p style=\"text-align: center;\">n\u00e9 \u00e0 Villemaine (Saint-Pardoux-Lavaud)<\/p>\n<p style=\"text-align: center;\">le 28 juin 1810<\/p>\n<p style=\"text-align: center;\">fils de<\/p>\n<p style=\"text-align: center;\">Antoine SIMONET \/ Catherine LENOIR<\/p>\n<p style=\"text-align: center;\">cultivateurs<\/p>\n<p style=\"text-align: center;\"><span style=\"color: #ffffff;\">\u25d9<\/span><\/p>\n<p><em>Jacques \u00e9pouse Marie L\u00e9onarde <\/em><strong>BERTRAND<\/strong><em> le 6 f\u00e9vrier <\/em><strong>1837<\/strong><em> \u00e0 Saint-Pardoux (contrat Rouchon \u00e0 Bourganeuf). Le couple habite le bourg de Morterolles. <\/em><\/p>\n<p><strong>En 1841<\/strong><em>, Jacques travaille dans le <\/em><span style=\"color: #0000ff;\"><strong>Rh\u00f4ne (69)<\/strong><\/span><em>.<\/em><\/p>\n<p><em> L\u00e9onarde d\u00e9c\u00e8de le 25 ao\u00fbt <\/em><strong>1849<\/strong><em> \u00e0 Morterolles, \u00e2g\u00e9e de 29 ans.<\/em><\/p>\n<p><em> Jacques se remarie le 6 janvier <\/em><strong>1851<\/strong><em> \u00e0 Morterolles avec Marguerite <\/em><strong>SAVY<\/strong><em>.<\/em><\/p>\n<p><strong>En 1856<\/strong><em>, il travaille encore dans le Rh\u00f4ne. <\/em><\/p>\n<p><em> Il d\u00e9c\u00e8de le 13 d\u00e9cembre <\/em><strong>1857<\/strong><em> \u00e0 Morterolles, \u00e2g\u00e9 de 47 ans.<\/em><\/p>\n<p><em> Sa veuve se remarie en 1875 \u00e0 Morterolles avec Jean FOURNET, ma\u00e7on, et d\u00e9c\u00e8de le 5 septembre 1887 \u00e0 Augerolles, commune de Saint-Pardoux, \u00e2g\u00e9e de 65 ans.<\/em><\/p>\n","protected":false},"excerpt":{"rendered":"<p>Mis \u00e0 jour le : 30\/04\/2026Jacques SIMONET 1810 \u2013 1857 ma\u00e7on et propri\u00e9taire cultivateur n\u00e9 \u00e0 Villemaine (Saint-Pardoux-Lavaud) le 28 juin 1810 fils de Antoine SIMONET \/ Catherine LENOIR cultivateurs \u25d9 Jacques \u00e9pouse Marie L\u00e9onarde BERTRAND le 6 f\u00e9vrier 1837 \u00e0 Saint-Pardoux (contrat Rouchon \u00e0 Bourganeuf). Le couple habite le bourg de Morterolles. En 1841, ..<\/p>\n<div class=\"clear-fix\"><\/div>\n<p><a href=\"https:\/\/www.lesmaconsdelacreuse.fr\/annuaires\/lettre-s\/s_268\/\" title=\"Lire la suite...\">Lire la suite<\/a><\/p>\n","protected":false},"author":2,"featured_media":0,"comment_status":"closed","ping_status":"closed","sticky":false,"template":"","format":"standard","meta":{"_acf_changed":false,"_exactmetrics_skip_tracking":false,"_exactmetrics_sitenote_active":false,"_exactmetrics_sitenote_note":"","_exactmetrics_sitenote_category":0,"footnotes":""},"categories":[12],"tags":[],"class_list":["post-4475","post","type-post","status-publish","format-standard","hentry","category-lettre-s"],"acf":[],"_links":{"self":[{"href":"https:\/\/www.lesmaconsdelacreuse.fr\/annuaires\/wp-json\/wp\/v2\/posts\/4475","targetHints":{"allow":["GET"]}}],"collection":[{"href":"https:\/\/www.lesmaconsdelacreuse.fr\/annuaires\/wp-json\/wp\/v2\/posts"}],"about":[{"href":"https:\/\/www.lesmaconsdelacreuse.fr\/annuaires\/wp-json\/wp\/v2\/types\/post"}],"author":[{"embeddable":true,"href":"https:\/\/www.lesmaconsdelacreuse.fr\/annuaires\/wp-json\/wp\/v2\/users\/2"}],"replies":[{"embeddable":true,"href":"https:\/\/www.lesmaconsdelacreuse.fr\/annuaires\/wp-json\/wp\/v2\/comments?post=4475"}],"version-history":[{"count":0,"href":"https:\/\/www.lesmaconsdelacreuse.fr\/annuaires\/wp-json\/wp\/v2\/posts\/4475\/revisions"}],"wp:attachment":[{"href":"https:\/\/www.lesmaconsdelacreuse.fr\/annuaires\/wp-json\/wp\/v2\/media?parent=4475"}],"wp:term":[{"taxonomy":"category","embeddable":true,"href":"https:\/\/www.lesmaconsdelacreuse.fr\/annuaires\/wp-json\/wp\/v2\/categories?post=4475"},{"taxonomy":"post_tag","embeddable":true,"href":"https:\/\/www.lesmaconsdelacreuse.fr\/annuaires\/wp-json\/wp\/v2\/tags?post=4475"}],"curies":[{"name":"wp","href":"https:\/\/api.w.org\/{rel}","templated":true}]}}