{"id":4477,"date":"2019-07-28T12:12:01","date_gmt":"2019-07-28T10:12:01","guid":{"rendered":"http:\/\/lesmaconsdelacreuse.fr\/annuaire\/?p=4477"},"modified":"2020-02-11T12:20:13","modified_gmt":"2020-02-11T11:20:13","slug":"s_260","status":"publish","type":"post","link":"https:\/\/www.lesmaconsdelacreuse.fr\/annuaires\/lettre-s\/s_260\/","title":{"rendered":"SIMONET Fran\u00e7ois (1815-1883)"},"content":{"rendered":"<p class=\"last-updated\"><strong>Mis \u00e0 jour le :<\/strong> 30\/04\/2026<\/p><h2 style=\"text-align: center;\"><strong>Fran\u00e7ois SIMONET<\/strong><\/h2>\n<p style=\"text-align: center;\"><strong>1815 \u2013 1883<\/strong><\/p>\n<p style=\"text-align: center;\"><img decoding=\"async\" title=\"\" src=\"https:\/\/lesmaconsdelacreuse.fr\/annuaire\/wp-content\/uploads\/2019\/07\/image1-951.jpg\" alt=\"\" data-asset-id=\"4473\" data-source-id=\"i.0\" \/><\/p>\n<h4 style=\"text-align: center;\"><span style=\"color: #008000;\"><strong>ma\u00e7on<\/strong><\/span><\/h4>\n<p style=\"text-align: center;\">n\u00e9 au moulin du Massadour (Saint-Pardoux-Lavaud)<\/p>\n<p style=\"text-align: center;\">le 12 septembre 1815<\/p>\n<p style=\"text-align: center;\">fils de<\/p>\n<p style=\"text-align: center;\">\u00c9tienne SIMONET \/ Jeanne BONNETTE<\/p>\n<p style=\"text-align: center;\">meuniers<\/p>\n<p style=\"text-align: center;\"><span style=\"color: #ffffff;\">\u25d9<\/span><\/p>\n<p><strong>En 1842<\/strong><em>, Fran\u00e7ois travaille \u00e0 <\/em><span style=\"color: #0000ff;\"><strong>Oullins (69)<\/strong><\/span><em>.<\/em><\/p>\n<p><em>Il y \u00e9pouse Marie-Anne <\/em><strong>PEYTOUX<\/strong><em>, cuisini\u00e8re, le 16 novembre de la m\u00eame ann\u00e9e.<\/em><\/p>\n<p><strong>De 1844 \u00e0 1847<\/strong> <em>au moins<\/em>,<em> ils sont toujours \u00e0 Oullins.<\/em><\/p>\n<p><strong>D\u00e8s 1872<\/strong><em>, ils habitent <\/em><span style=\"color: #0000ff;\"><strong>Lyon (69)<\/strong><\/span><em> 105, rue de Chartres, dans le 3e arrondissement.<\/em><\/p>\n<p><em>Ils d\u00e9c\u00e8dent\u00a0:<\/em><\/p>\n<ul>\n<li><em>Marie-Anne, \u00e0 l\u2019 adresse de 1872, le 3 juin <\/em><strong>1880<\/strong><em>, \u00e2g\u00e9e de 66 ans<\/em><\/li>\n<li><em>Fran\u00e7ois, \u00e0 \u25ba<a target=\"_blank\"href=\"https:\/\/www.lesmaconsdelacreuse.fr\/annuaires\/\/wp-content\/uploads\/PHOTOS_-_CARTES_POSTALES\/\/LYON_-_Hopital_de_lHotel-Dieu.jpg\">l\u2019H\u00f4tel-Dieu<\/a>, le 14 f\u00e9vrier <\/em><strong>1883<\/strong><em><strong>,<\/strong> \u00e2g\u00e9 de 67 ans, habitant au m\u00eame endroit<\/em><\/li>\n<\/ul>\n","protected":false},"excerpt":{"rendered":"<p>Mis \u00e0 jour le : 30\/04\/2026Fran\u00e7ois SIMONET 1815 \u2013 1883 ma\u00e7on n\u00e9 au moulin du Massadour (Saint-Pardoux-Lavaud) le 12 septembre 1815 fils de \u00c9tienne SIMONET \/ Jeanne BONNETTE meuniers \u25d9 En 1842, Fran\u00e7ois travaille \u00e0 Oullins (69). Il y \u00e9pouse Marie-Anne PEYTOUX, cuisini\u00e8re, le 16 novembre de la m\u00eame ann\u00e9e. De 1844 \u00e0 1847 au ..<\/p>\n<div class=\"clear-fix\"><\/div>\n<p><a href=\"https:\/\/www.lesmaconsdelacreuse.fr\/annuaires\/lettre-s\/s_260\/\" title=\"Lire la suite...\">Lire la suite<\/a><\/p>\n","protected":false},"author":2,"featured_media":0,"comment_status":"closed","ping_status":"closed","sticky":false,"template":"","format":"standard","meta":{"_acf_changed":false,"_exactmetrics_skip_tracking":false,"_exactmetrics_sitenote_active":false,"_exactmetrics_sitenote_note":"","_exactmetrics_sitenote_category":0,"footnotes":""},"categories":[12],"tags":[],"class_list":["post-4477","post","type-post","status-publish","format-standard","hentry","category-lettre-s"],"acf":[],"_links":{"self":[{"href":"https:\/\/www.lesmaconsdelacreuse.fr\/annuaires\/wp-json\/wp\/v2\/posts\/4477","targetHints":{"allow":["GET"]}}],"collection":[{"href":"https:\/\/www.lesmaconsdelacreuse.fr\/annuaires\/wp-json\/wp\/v2\/posts"}],"about":[{"href":"https:\/\/www.lesmaconsdelacreuse.fr\/annuaires\/wp-json\/wp\/v2\/types\/post"}],"author":[{"embeddable":true,"href":"https:\/\/www.lesmaconsdelacreuse.fr\/annuaires\/wp-json\/wp\/v2\/users\/2"}],"replies":[{"embeddable":true,"href":"https:\/\/www.lesmaconsdelacreuse.fr\/annuaires\/wp-json\/wp\/v2\/comments?post=4477"}],"version-history":[{"count":0,"href":"https:\/\/www.lesmaconsdelacreuse.fr\/annuaires\/wp-json\/wp\/v2\/posts\/4477\/revisions"}],"wp:attachment":[{"href":"https:\/\/www.lesmaconsdelacreuse.fr\/annuaires\/wp-json\/wp\/v2\/media?parent=4477"}],"wp:term":[{"taxonomy":"category","embeddable":true,"href":"https:\/\/www.lesmaconsdelacreuse.fr\/annuaires\/wp-json\/wp\/v2\/categories?post=4477"},{"taxonomy":"post_tag","embeddable":true,"href":"https:\/\/www.lesmaconsdelacreuse.fr\/annuaires\/wp-json\/wp\/v2\/tags?post=4477"}],"curies":[{"name":"wp","href":"https:\/\/api.w.org\/{rel}","templated":true}]}}