{"id":4481,"date":"2019-07-28T12:12:01","date_gmt":"2019-07-28T10:12:01","guid":{"rendered":"http:\/\/lesmaconsdelacreuse.fr\/annuaire\/?p=4481"},"modified":"2020-08-23T15:18:18","modified_gmt":"2020-08-23T13:18:18","slug":"s_244","status":"publish","type":"post","link":"https:\/\/www.lesmaconsdelacreuse.fr\/annuaires\/lettre-s\/s_244\/","title":{"rendered":"SERU L\u00e9onard (1879-apr\u00e8s 1929)"},"content":{"rendered":"<p class=\"last-updated\"><strong>Mis \u00e0 jour le :<\/strong> 30\/04\/2026<\/p><h2 style=\"text-align: center;\"><strong>L\u00e9onard S\u00c9RU<\/strong><\/h2>\n<p style=\"text-align: center;\"><strong>1879 \u2013 apr\u00e8s 1929<\/strong><\/p>\n<p style=\"text-align: center;\"><img decoding=\"async\" title=\"\" src=\"https:\/\/lesmaconsdelacreuse.fr\/annuaire\/wp-content\/uploads\/2019\/07\/image1-952.jpg\" alt=\"\" data-asset-id=\"4476\" data-source-id=\"i.0\" \/><\/p>\n<h4 style=\"text-align: center;\"><span style=\"color: #008000;\"><strong>ma\u00e7on <\/strong>et<strong> cultivateur<\/strong><\/span><\/h4>\n<p style=\"text-align: center;\">n\u00e9 \u00e0 L\u00e9gaud (Eymoutiers \u2013 87)<\/p>\n<p style=\"text-align: center;\">le 29 d\u00e9cembre 1879<\/p>\n<p style=\"text-align: center;\">fils de<\/p>\n<p style=\"text-align: center;\">Jean S\u00c9RU \/ Anne BOUCHETOU<\/p>\n<p style=\"text-align: center;\">cultivateurs<\/p>\n<p style=\"text-align: center;\"><span style=\"color: #ffffff;\">\u25d9<\/span><\/p>\n<p><em>L\u00e9onard, ajourn\u00e9 de service militaire <\/em><strong>en 1900 et 1901<\/strong><em>, sera finalement vers\u00e9 dans les services auxiliaires pour la m\u00eame raison.<br \/>\n<\/em><\/p>\n<p><em>Il \u00e9pouse Catherine <\/em><strong>VIALATOUX<\/strong><em> le 31 octobre <\/em><strong>1901<\/strong><em> \u00e0 Roy\u00e8re (mari\u00e9s sans contrat). Ils habitent d\u2019abord Vergnolas. <\/em><\/p>\n<p><em>L\u00e9onard travaille \u00e0 <\/em><span style=\"color: #0000ff;\"><strong>Lyon (69)<\/strong><\/span><em>, et loge\u00a0:<\/em><\/p>\n<p><strong>en 1903<\/strong><em>, 1, rue Duphot\u00a0;<\/em><\/p>\n<p><strong>en 1904<\/strong><em>, 9, rue Cr\u00e9qui.<\/em><\/p>\n<p><em>Catherine d\u00e9c\u00e8de \u00e0 Saint-Julien-le-Petit (87) le 21 janvier <\/em><strong>1927<\/strong><em>, \u00e2g\u00e9e de 47 ans. <\/em><\/p>\n","protected":false},"excerpt":{"rendered":"<p>Mis \u00e0 jour le : 30\/04\/2026L\u00e9onard S\u00c9RU 1879 \u2013 apr\u00e8s 1929 ma\u00e7on et cultivateur n\u00e9 \u00e0 L\u00e9gaud (Eymoutiers \u2013 87) le 29 d\u00e9cembre 1879 fils de Jean S\u00c9RU \/ Anne BOUCHETOU cultivateurs \u25d9 L\u00e9onard, ajourn\u00e9 de service militaire en 1900 et 1901, sera finalement vers\u00e9 dans les services auxiliaires pour la m\u00eame raison. Il \u00e9pouse ..<\/p>\n<div class=\"clear-fix\"><\/div>\n<p><a href=\"https:\/\/www.lesmaconsdelacreuse.fr\/annuaires\/lettre-s\/s_244\/\" title=\"Lire la suite...\">Lire la suite<\/a><\/p>\n","protected":false},"author":2,"featured_media":0,"comment_status":"closed","ping_status":"closed","sticky":false,"template":"","format":"standard","meta":{"_acf_changed":false,"_exactmetrics_skip_tracking":false,"_exactmetrics_sitenote_active":false,"_exactmetrics_sitenote_note":"","_exactmetrics_sitenote_category":0,"footnotes":""},"categories":[12],"tags":[],"class_list":["post-4481","post","type-post","status-publish","format-standard","hentry","category-lettre-s"],"acf":[],"_links":{"self":[{"href":"https:\/\/www.lesmaconsdelacreuse.fr\/annuaires\/wp-json\/wp\/v2\/posts\/4481","targetHints":{"allow":["GET"]}}],"collection":[{"href":"https:\/\/www.lesmaconsdelacreuse.fr\/annuaires\/wp-json\/wp\/v2\/posts"}],"about":[{"href":"https:\/\/www.lesmaconsdelacreuse.fr\/annuaires\/wp-json\/wp\/v2\/types\/post"}],"author":[{"embeddable":true,"href":"https:\/\/www.lesmaconsdelacreuse.fr\/annuaires\/wp-json\/wp\/v2\/users\/2"}],"replies":[{"embeddable":true,"href":"https:\/\/www.lesmaconsdelacreuse.fr\/annuaires\/wp-json\/wp\/v2\/comments?post=4481"}],"version-history":[{"count":0,"href":"https:\/\/www.lesmaconsdelacreuse.fr\/annuaires\/wp-json\/wp\/v2\/posts\/4481\/revisions"}],"wp:attachment":[{"href":"https:\/\/www.lesmaconsdelacreuse.fr\/annuaires\/wp-json\/wp\/v2\/media?parent=4481"}],"wp:term":[{"taxonomy":"category","embeddable":true,"href":"https:\/\/www.lesmaconsdelacreuse.fr\/annuaires\/wp-json\/wp\/v2\/categories?post=4481"},{"taxonomy":"post_tag","embeddable":true,"href":"https:\/\/www.lesmaconsdelacreuse.fr\/annuaires\/wp-json\/wp\/v2\/tags?post=4481"}],"curies":[{"name":"wp","href":"https:\/\/api.w.org\/{rel}","templated":true}]}}