{"id":4485,"date":"2019-07-28T12:12:00","date_gmt":"2019-07-28T10:12:00","guid":{"rendered":"http:\/\/lesmaconsdelacreuse.fr\/annuaire\/?p=4485"},"modified":"2020-10-05T15:09:14","modified_gmt":"2020-10-05T13:09:14","slug":"s_256","status":"publish","type":"post","link":"https:\/\/www.lesmaconsdelacreuse.fr\/annuaires\/lettre-s\/s_256\/","title":{"rendered":"SIMONET Auguste (1906-1931)"},"content":{"rendered":"<p class=\"last-updated\"><strong>Mis \u00e0 jour le :<\/strong> 30\/04\/2026<\/p><h2 style=\"text-align: center;\"><strong>Auguste SIMONET<\/strong><\/h2>\n<p style=\"text-align: center;\"><strong>1906 &#8211; 1931<\/strong><\/p>\n<h4 style=\"text-align: center;\"><strong><span style=\"color: #008000;\"><a href=\"https:\/\/www.lesmaconsdelacreuse.fr\/annuaires\/wp-content\/uploads\/2020\/07\/TAILLEUR-DE-PIERRE.png\">\u25ba <span style=\"color: #008000;\">tailleur de pierre<\/span><\/a><\/span><\/strong><\/h4>\n<p>&nbsp;<\/p>\n<p style=\"text-align: center;\">n\u00e9 au Compeix (Saint-Pierre-le-Bost)<\/p>\n<p style=\"text-align: center;\">le 25 juillet 1906<\/p>\n<p style=\"text-align: center;\">fils de<\/p>\n<p style=\"text-align: center;\">Louis SIMONET, <span style=\"color: #008000;\"><strong>tailleur de pierre<\/strong><\/span><\/p>\n<p style=\"text-align: center;\">Marie Eug\u00e9nie CHABAN, couturi\u00e8re<\/p>\n<p style=\"text-align: center;\"><span style=\"color: #ffffff;\">\u25d9<\/span><\/p>\n<p><em>Auguste d\u00e9c\u00e8de <\/em><strong>c\u00e9libataire<\/strong><em> au Compeix le 11 ao\u00fbt <\/em><strong>1931<\/strong><em>, \u00e2g\u00e9 de 25 ans.<\/em><\/p>\n<p>&nbsp;<\/p>\n","protected":false},"excerpt":{"rendered":"<p>Mis \u00e0 jour le : 30\/04\/2026Auguste SIMONET 1906 &#8211; 1931 \u25ba tailleur de pierre &nbsp; n\u00e9 au Compeix (Saint-Pierre-le-Bost) le 25 juillet 1906 fils de Louis SIMONET, tailleur de pierre Marie Eug\u00e9nie CHABAN, couturi\u00e8re \u25d9 Auguste d\u00e9c\u00e8de c\u00e9libataire au Compeix le 11 ao\u00fbt 1931, \u00e2g\u00e9 de 25 a..<\/p>\n<div class=\"clear-fix\"><\/div>\n<p><a href=\"https:\/\/www.lesmaconsdelacreuse.fr\/annuaires\/lettre-s\/s_256\/\" title=\"Lire la suite...\">Lire la suite<\/a><\/p>\n","protected":false},"author":2,"featured_media":0,"comment_status":"closed","ping_status":"closed","sticky":false,"template":"","format":"standard","meta":{"_acf_changed":false,"_exactmetrics_skip_tracking":false,"_exactmetrics_sitenote_active":false,"_exactmetrics_sitenote_note":"","_exactmetrics_sitenote_category":0,"footnotes":""},"categories":[12],"tags":[],"class_list":["post-4485","post","type-post","status-publish","format-standard","hentry","category-lettre-s"],"acf":[],"_links":{"self":[{"href":"https:\/\/www.lesmaconsdelacreuse.fr\/annuaires\/wp-json\/wp\/v2\/posts\/4485","targetHints":{"allow":["GET"]}}],"collection":[{"href":"https:\/\/www.lesmaconsdelacreuse.fr\/annuaires\/wp-json\/wp\/v2\/posts"}],"about":[{"href":"https:\/\/www.lesmaconsdelacreuse.fr\/annuaires\/wp-json\/wp\/v2\/types\/post"}],"author":[{"embeddable":true,"href":"https:\/\/www.lesmaconsdelacreuse.fr\/annuaires\/wp-json\/wp\/v2\/users\/2"}],"replies":[{"embeddable":true,"href":"https:\/\/www.lesmaconsdelacreuse.fr\/annuaires\/wp-json\/wp\/v2\/comments?post=4485"}],"version-history":[{"count":0,"href":"https:\/\/www.lesmaconsdelacreuse.fr\/annuaires\/wp-json\/wp\/v2\/posts\/4485\/revisions"}],"wp:attachment":[{"href":"https:\/\/www.lesmaconsdelacreuse.fr\/annuaires\/wp-json\/wp\/v2\/media?parent=4485"}],"wp:term":[{"taxonomy":"category","embeddable":true,"href":"https:\/\/www.lesmaconsdelacreuse.fr\/annuaires\/wp-json\/wp\/v2\/categories?post=4485"},{"taxonomy":"post_tag","embeddable":true,"href":"https:\/\/www.lesmaconsdelacreuse.fr\/annuaires\/wp-json\/wp\/v2\/tags?post=4485"}],"curies":[{"name":"wp","href":"https:\/\/api.w.org\/{rel}","templated":true}]}}