{"id":4488,"date":"2019-07-28T12:12:00","date_gmt":"2019-07-28T10:12:00","guid":{"rendered":"http:\/\/lesmaconsdelacreuse.fr\/annuaire\/?p=4488"},"modified":"2022-05-01T13:09:09","modified_gmt":"2022-05-01T11:09:09","slug":"s_247","status":"publish","type":"post","link":"https:\/\/www.lesmaconsdelacreuse.fr\/annuaires\/lettre-s\/s_247\/","title":{"rendered":"SIBILAT Fran\u00e7ois (1863-apr\u00e8s 1909)"},"content":{"rendered":"<p class=\"last-updated\"><strong>Mis \u00e0 jour le :<\/strong> 30\/04\/2026<\/p><h2 style=\"text-align: center;\"><strong>Fran\u00e7ois SIBILAT<\/strong><\/h2>\n<p style=\"text-align: center;\"><strong>1863 \u2013 apr\u00e8s 1909<\/strong><\/p>\n<p style=\"text-align: center;\"><img decoding=\"async\" title=\"\" src=\"https:\/\/lesmaconsdelacreuse.fr\/annuaire\/wp-content\/uploads\/2019\/07\/image1-956.jpg\" alt=\"\" data-asset-id=\"4486\" data-source-id=\"i.0\" \/><\/p>\n<h4 style=\"text-align: center;\"><span style=\"color: #008000;\"><strong>ma\u00e7on<\/strong>, puis <strong>employ\u00e9 aux Chemins de Fer<\/strong><\/span><\/h4>\n<p style=\"text-align: center;\">n\u00e9 \u00e0 Verdinas (Roy\u00e8re)<\/p>\n<p style=\"text-align: center;\">le 25 janvier 1863<\/p>\n<p style=\"text-align: center;\">fils de<\/p>\n<p style=\"text-align: center;\">Joseph SIBILAT, meunier<\/p>\n<p style=\"text-align: center;\">Marie MONTM\u00c8GE, tisserande<\/p>\n<p style=\"text-align: center;\"><span style=\"color: #ffffff;\">\u25d9<\/span><\/p>\n<p><em>Fran\u00e7ois, enfant naturel de Marie MONTM\u00c8GE, est reconnu <\/em><strong>en 1865<\/strong><em>, lors du mariage de ses parents.<\/em><\/p>\n<p><strong>En 1884<\/strong><em>, <\/em><span style=\"color: #008000;\"><strong>ma\u00e7on<\/strong><\/span><em>, il est class\u00e9 dans les services auxiliaires pour r\u00e9traction de l\u2019index droit.<\/em><\/p>\n<p><em>Il \u00e9pouse Anne <\/em><strong>MESTER<\/strong><em> le 24 f\u00e9vrier <\/em><strong>1883<\/strong> <em>\u00e0 Valli\u00e8re (contrat Dumont).<\/em><\/p>\n<p><strong>En 1886<\/strong><em>, il travaille \u00e0 <\/em><span style=\"color: #0000ff;\"><strong>Paris (75)<\/strong><\/span><em> et loge 95, rue Couche. <\/em><\/p>\n<p><strong>En 1887<\/strong><em>, il est \u00e0 <\/em><span style=\"color: #ff6600;\"><strong>Radj\u00e9ti (ALG\u00c9RIE)<\/strong><\/span><em><span style=\"color: #ff6600;\">\u00a0<\/span>; il travaille d\u00e9sormais au <\/em><span style=\"color: #008000;\"><strong>chemin de fer<\/strong><em>.<\/em><\/span><\/p>\n<p><em>Veuf ou divorc\u00e9, il se remarie le 29 avril <\/em><strong>1905<\/strong><em> \u00e0 Constantine avec Fran\u00e7oise Th\u00e9r\u00e8se <\/em><strong>CATTANEO<\/strong><em>.<\/em><\/p>\n<p><strong>En 1906<\/strong><em>, ils habitent Constantine, et Fran\u00e7ois est brigadier \u00e0 la voie de Chemin de Fer de l\u2019Est Alg\u00e9rien.<\/em><\/p>\n","protected":false},"excerpt":{"rendered":"<p>Mis \u00e0 jour le : 30\/04\/2026Fran\u00e7ois SIBILAT 1863 \u2013 apr\u00e8s 1909 ma\u00e7on, puis employ\u00e9 aux Chemins de Fer n\u00e9 \u00e0 Verdinas (Roy\u00e8re) le 25 janvier 1863 fils de Joseph SIBILAT, meunier Marie MONTM\u00c8GE, tisserande \u25d9 Fran\u00e7ois, enfant naturel de Marie MONTM\u00c8GE, est reconnu en 1865, lors du mariage de ses parents. En 1884, ma\u00e7on, il ..<\/p>\n<div class=\"clear-fix\"><\/div>\n<p><a href=\"https:\/\/www.lesmaconsdelacreuse.fr\/annuaires\/lettre-s\/s_247\/\" title=\"Lire la suite...\">Lire la suite<\/a><\/p>\n","protected":false},"author":2,"featured_media":0,"comment_status":"closed","ping_status":"closed","sticky":false,"template":"","format":"standard","meta":{"_acf_changed":false,"_exactmetrics_skip_tracking":false,"_exactmetrics_sitenote_active":false,"_exactmetrics_sitenote_note":"","_exactmetrics_sitenote_category":0,"footnotes":""},"categories":[12],"tags":[],"class_list":["post-4488","post","type-post","status-publish","format-standard","hentry","category-lettre-s"],"acf":[],"_links":{"self":[{"href":"https:\/\/www.lesmaconsdelacreuse.fr\/annuaires\/wp-json\/wp\/v2\/posts\/4488","targetHints":{"allow":["GET"]}}],"collection":[{"href":"https:\/\/www.lesmaconsdelacreuse.fr\/annuaires\/wp-json\/wp\/v2\/posts"}],"about":[{"href":"https:\/\/www.lesmaconsdelacreuse.fr\/annuaires\/wp-json\/wp\/v2\/types\/post"}],"author":[{"embeddable":true,"href":"https:\/\/www.lesmaconsdelacreuse.fr\/annuaires\/wp-json\/wp\/v2\/users\/2"}],"replies":[{"embeddable":true,"href":"https:\/\/www.lesmaconsdelacreuse.fr\/annuaires\/wp-json\/wp\/v2\/comments?post=4488"}],"version-history":[{"count":1,"href":"https:\/\/www.lesmaconsdelacreuse.fr\/annuaires\/wp-json\/wp\/v2\/posts\/4488\/revisions"}],"predecessor-version":[{"id":198533,"href":"https:\/\/www.lesmaconsdelacreuse.fr\/annuaires\/wp-json\/wp\/v2\/posts\/4488\/revisions\/198533"}],"wp:attachment":[{"href":"https:\/\/www.lesmaconsdelacreuse.fr\/annuaires\/wp-json\/wp\/v2\/media?parent=4488"}],"wp:term":[{"taxonomy":"category","embeddable":true,"href":"https:\/\/www.lesmaconsdelacreuse.fr\/annuaires\/wp-json\/wp\/v2\/categories?post=4488"},{"taxonomy":"post_tag","embeddable":true,"href":"https:\/\/www.lesmaconsdelacreuse.fr\/annuaires\/wp-json\/wp\/v2\/tags?post=4488"}],"curies":[{"name":"wp","href":"https:\/\/api.w.org\/{rel}","templated":true}]}}