{"id":4489,"date":"2019-07-28T12:12:01","date_gmt":"2019-07-28T10:12:01","guid":{"rendered":"http:\/\/lesmaconsdelacreuse.fr\/annuaire\/?p=4489"},"modified":"2020-01-20T11:29:59","modified_gmt":"2020-01-20T10:29:59","slug":"s_255","status":"publish","type":"post","link":"https:\/\/www.lesmaconsdelacreuse.fr\/annuaires\/lettre-s\/s_255\/","title":{"rendered":"SIMONET Auguste (1870-1897)"},"content":{"rendered":"<p class=\"last-updated\"><strong>Mis \u00e0 jour le :<\/strong> 30\/04\/2026<\/p><h2 style=\"text-align: center;\"><strong>Auguste SIMONET<\/strong><\/h2>\n<p style=\"text-align: center;\"><strong>1870 \u2013 1897<\/strong><\/p>\n<h4 style=\"text-align: center;\"><span style=\"color: #008000;\"><strong>ma\u00e7on<\/strong><\/span><\/h4>\n<p style=\"text-align: center;\">n\u00e9 \u00e0 Chez-Brouillard (Saint-Pierre-le-Bost)<\/p>\n<p style=\"text-align: center;\">le 21 juillet 1870<\/p>\n<p style=\"text-align: center;\">fils de<\/p>\n<p style=\"text-align: center;\">Pardoux SIMONET, mar\u00e9chal-ferrant \/ Marie LENOIR<\/p>\n<p style=\"text-align: center;\">propri\u00e9taires cultivateurs<\/p>\n<p style=\"text-align: center;\"><span style=\"color: #ffffff;\">\u25d9<\/span><\/p>\n<p><strong>En 1891<\/strong><em>, Auguste travaille dans la <\/em><span style=\"color: #0000ff;\"><strong>Seine (75)<\/strong><\/span><em> et y passe le conseil de r\u00e9vision. Il est dispens\u00e9 de service militaire l\u2019ann\u00e9e suivante.<\/em><\/p>\n<p><em> Il d\u00e9c\u00e8de <\/em><strong>c\u00e9libataire<\/strong><em> en son domicile \u00e0 La Chaise, commune de Saint-Pardoux-Lavaud, le 29 d\u00e9cembre <\/em><strong>1897<\/strong><em>, \u00e2g\u00e9 de 27 ans.<\/em><\/p>\n","protected":false},"excerpt":{"rendered":"<p>Mis \u00e0 jour le : 30\/04\/2026Auguste SIMONET 1870 \u2013 1897 ma\u00e7on n\u00e9 \u00e0 Chez-Brouillard (Saint-Pierre-le-Bost) le 21 juillet 1870 fils de Pardoux SIMONET, mar\u00e9chal-ferrant \/ Marie LENOIR propri\u00e9taires cultivateurs \u25d9 En 1891, Auguste travaille dans la Seine (75) et y passe le conseil de r\u00e9vision. Il est dispens\u00e9 de service militaire l\u2019ann\u00e9e suivante. Il d\u00e9c\u00e8de ..<\/p>\n<div class=\"clear-fix\"><\/div>\n<p><a href=\"https:\/\/www.lesmaconsdelacreuse.fr\/annuaires\/lettre-s\/s_255\/\" title=\"Lire la suite...\">Lire la suite<\/a><\/p>\n","protected":false},"author":2,"featured_media":0,"comment_status":"closed","ping_status":"closed","sticky":false,"template":"","format":"standard","meta":{"_acf_changed":false,"_exactmetrics_skip_tracking":false,"_exactmetrics_sitenote_active":false,"_exactmetrics_sitenote_note":"","_exactmetrics_sitenote_category":0,"footnotes":""},"categories":[12],"tags":[],"class_list":["post-4489","post","type-post","status-publish","format-standard","hentry","category-lettre-s"],"acf":[],"_links":{"self":[{"href":"https:\/\/www.lesmaconsdelacreuse.fr\/annuaires\/wp-json\/wp\/v2\/posts\/4489","targetHints":{"allow":["GET"]}}],"collection":[{"href":"https:\/\/www.lesmaconsdelacreuse.fr\/annuaires\/wp-json\/wp\/v2\/posts"}],"about":[{"href":"https:\/\/www.lesmaconsdelacreuse.fr\/annuaires\/wp-json\/wp\/v2\/types\/post"}],"author":[{"embeddable":true,"href":"https:\/\/www.lesmaconsdelacreuse.fr\/annuaires\/wp-json\/wp\/v2\/users\/2"}],"replies":[{"embeddable":true,"href":"https:\/\/www.lesmaconsdelacreuse.fr\/annuaires\/wp-json\/wp\/v2\/comments?post=4489"}],"version-history":[{"count":0,"href":"https:\/\/www.lesmaconsdelacreuse.fr\/annuaires\/wp-json\/wp\/v2\/posts\/4489\/revisions"}],"wp:attachment":[{"href":"https:\/\/www.lesmaconsdelacreuse.fr\/annuaires\/wp-json\/wp\/v2\/media?parent=4489"}],"wp:term":[{"taxonomy":"category","embeddable":true,"href":"https:\/\/www.lesmaconsdelacreuse.fr\/annuaires\/wp-json\/wp\/v2\/categories?post=4489"},{"taxonomy":"post_tag","embeddable":true,"href":"https:\/\/www.lesmaconsdelacreuse.fr\/annuaires\/wp-json\/wp\/v2\/tags?post=4489"}],"curies":[{"name":"wp","href":"https:\/\/api.w.org\/{rel}","templated":true}]}}