{"id":4494,"date":"2019-07-28T12:12:00","date_gmt":"2019-07-28T10:12:00","guid":{"rendered":"http:\/\/lesmaconsdelacreuse.fr\/annuaire\/?p=4494"},"modified":"2020-10-14T10:41:09","modified_gmt":"2020-10-14T08:41:09","slug":"s_270","status":"publish","type":"post","link":"https:\/\/www.lesmaconsdelacreuse.fr\/annuaires\/lettre-s\/s_270\/","title":{"rendered":"SIMONET Jacques (1834-1916)"},"content":{"rendered":"<p class=\"last-updated\"><strong>Mis \u00e0 jour le :<\/strong> 30\/04\/2026<\/p><h2 style=\"text-align: center;\"><strong>Jacques SIMONET<\/strong><\/h2>\n<p style=\"text-align: center;\"><strong>1834 \u2013 1916<\/strong><\/p>\n<p style=\"text-align: center;\"><img decoding=\"async\" title=\"\" src=\"https:\/\/lesmaconsdelacreuse.fr\/annuaire\/wp-content\/uploads\/2019\/07\/image1-958.jpg\" alt=\"\" data-asset-id=\"4493\" data-source-id=\"i.0\" \/><\/p>\n<h4 style=\"text-align: center;\"><strong><span style=\"color: #008000;\">\u25ba\u00a0<a href=\"https:\/\/www.lesmaconsdelacreuse.fr\/annuaires\/wp-content\/uploads\/2020\/07\/MA\u00ceTRE-MA\u00c7ON.png\" target=\"_blank\" rel=\"noopener noreferrer\"><span style=\"color: #008000;\">ma\u00eetre ma\u00e7on<\/span><\/a><\/span><\/strong><\/h4>\n<p>&nbsp;<\/p>\n<p style=\"text-align: center;\">n\u00e9 aux Farges (Saint-Pardoux-Lavaud)<\/p>\n<p style=\"text-align: center;\">le 18 septembre 1834<\/p>\n<p style=\"text-align: center;\">fils de<\/p>\n<p style=\"text-align: center;\">Antoine SIMONET, <span style=\"color: #008000;\"><strong>ma\u00e7on<\/strong><\/span><\/p>\n<p style=\"text-align: center;\">Fran\u00e7oise BASTOUX, cultivatrice<\/p>\n<p style=\"text-align: center;\"><span style=\"color: #ffffff;\">\u25d9<\/span><\/p>\n<p><em>Jacques, <\/em><span style=\"color: #008000;\"><strong>ma\u00e7on,<\/strong><\/span><em> \u00e9pouse Genevi\u00e8ve <\/em><strong>LANDON<\/strong><em> le 7 f\u00e9vrier <\/em><strong>1860<\/strong><em> \u00e0 Saint-Pardoux\u00a0 (contrat Berger \u00e0 Bourganeuf)\u00a0; il ne sait pas encore signer. Ils habitent d\u2019abord La Vedrenne, commune de Saint-Pardoux. <\/em><\/p>\n<p><strong>En 1870<\/strong><em>, ils sont \u00e0 <\/em><span style=\"color: #0000ff;\"><strong>Lyon (69)<\/strong><\/span><em>, 2, chemin des Granges, 5e arrondissement\u00a0;<\/em><\/p>\n<p><strong>En 1872<\/strong><em>, Jacques est encore ma\u00e7on, et ils habitent 29, chemin du Pont d\u2019Ala\u00ef, m\u00eame arrondissement ;<\/em><\/p>\n<p><strong>en 1875<\/strong><em>, au quartier du Point du Jour, 21, chemin du Pont d\u2019 Ala\u00ef. Cette ann\u00e9e-l\u00e0, Jacques, <\/em><span style=\"color: #008000;\"><strong>ma\u00eetre ma\u00e7on<\/strong><\/span><em>, est incarc\u00e9r\u00e9 \u00e0 la \u25ba<a href=\"https:\/\/www.lesmaconsdelacreuse.fr\/annuaires\/wp-content\/uploads\/2020\/08\/PRISON-SAINT-PAUL.png\" target=\"_blank\" rel=\"noopener noreferrer\">prison Saint-Paul<\/a> pendant un mois pour faux en \u00e9criture de commerce.<\/em><\/p>\n<p><strong>En 1878<\/strong><em>, ils habitent 43, chemin de Saint-Just \u00e0 L\u2019\u00c9toile d\u2019 Ala\u00ef, dans le 5e. <\/em><\/p>\n<p><em>Genevi\u00e8ve d\u00e9c\u00e8de \u00e0 cette adresse, \u00e2g\u00e9e de 43 ans, le 7 avril de la m\u00eame ann\u00e9e.<\/em><\/p>\n<p><em>Jacques se remarie le 31 ao\u00fbt suivant \u00e0 Lyon 2e avec Marie Madeleine <\/em><strong>LAUPI\u00c8S<\/strong><em>, tailleuse, \u00e9galement veuve (contrat Huinand).<\/em><\/p>\n<p><strong>En 1916<\/strong><em>, il habite 51, chemin de l\u2019\u00c9toile d\u2019 Ala\u00ef, Lyon 5e.<\/em><\/p>\n<p><em>Il d\u00e9c\u00e8de, veuf une deuxi\u00e8me fois, \u00e0 cette adresse, le 26 juin de la m\u00eame ann\u00e9e, \u00e2g\u00e9 de 81 ans.<\/em><\/p>\n<p>&nbsp;<\/p>\n","protected":false},"excerpt":{"rendered":"<p>Mis \u00e0 jour le : 30\/04\/2026Jacques SIMONET 1834 \u2013 1916 \u25ba\u00a0ma\u00eetre ma\u00e7on &nbsp; n\u00e9 aux Farges (Saint-Pardoux-Lavaud) le 18 septembre 1834 fils de Antoine SIMONET, ma\u00e7on Fran\u00e7oise BASTOUX, cultivatrice \u25d9 Jacques, ma\u00e7on, \u00e9pouse Genevi\u00e8ve LANDON le 7 f\u00e9vrier 1860 \u00e0 Saint-Pardoux\u00a0 (contrat Berger \u00e0 Bourganeuf)\u00a0; il ne sait pas encore signer. Ils habitent d\u2019abord La ..<\/p>\n<div class=\"clear-fix\"><\/div>\n<p><a href=\"https:\/\/www.lesmaconsdelacreuse.fr\/annuaires\/lettre-s\/s_270\/\" title=\"Lire la suite...\">Lire la suite<\/a><\/p>\n","protected":false},"author":2,"featured_media":0,"comment_status":"closed","ping_status":"closed","sticky":false,"template":"","format":"standard","meta":{"_acf_changed":false,"_exactmetrics_skip_tracking":false,"_exactmetrics_sitenote_active":false,"_exactmetrics_sitenote_note":"","_exactmetrics_sitenote_category":0,"footnotes":""},"categories":[12],"tags":[],"class_list":["post-4494","post","type-post","status-publish","format-standard","hentry","category-lettre-s"],"acf":[],"_links":{"self":[{"href":"https:\/\/www.lesmaconsdelacreuse.fr\/annuaires\/wp-json\/wp\/v2\/posts\/4494","targetHints":{"allow":["GET"]}}],"collection":[{"href":"https:\/\/www.lesmaconsdelacreuse.fr\/annuaires\/wp-json\/wp\/v2\/posts"}],"about":[{"href":"https:\/\/www.lesmaconsdelacreuse.fr\/annuaires\/wp-json\/wp\/v2\/types\/post"}],"author":[{"embeddable":true,"href":"https:\/\/www.lesmaconsdelacreuse.fr\/annuaires\/wp-json\/wp\/v2\/users\/2"}],"replies":[{"embeddable":true,"href":"https:\/\/www.lesmaconsdelacreuse.fr\/annuaires\/wp-json\/wp\/v2\/comments?post=4494"}],"version-history":[{"count":0,"href":"https:\/\/www.lesmaconsdelacreuse.fr\/annuaires\/wp-json\/wp\/v2\/posts\/4494\/revisions"}],"wp:attachment":[{"href":"https:\/\/www.lesmaconsdelacreuse.fr\/annuaires\/wp-json\/wp\/v2\/media?parent=4494"}],"wp:term":[{"taxonomy":"category","embeddable":true,"href":"https:\/\/www.lesmaconsdelacreuse.fr\/annuaires\/wp-json\/wp\/v2\/categories?post=4494"},{"taxonomy":"post_tag","embeddable":true,"href":"https:\/\/www.lesmaconsdelacreuse.fr\/annuaires\/wp-json\/wp\/v2\/tags?post=4494"}],"curies":[{"name":"wp","href":"https:\/\/api.w.org\/{rel}","templated":true}]}}