{"id":4498,"date":"2019-07-28T12:12:00","date_gmt":"2019-07-28T10:12:00","guid":{"rendered":"http:\/\/lesmaconsdelacreuse.fr\/annuaire\/?p=4498"},"modified":"2020-10-01T15:30:17","modified_gmt":"2020-10-01T13:30:17","slug":"s_277","status":"publish","type":"post","link":"https:\/\/www.lesmaconsdelacreuse.fr\/annuaires\/lettre-s\/s_277\/","title":{"rendered":"SIMONET Jean (1880-1957)"},"content":{"rendered":"<p class=\"last-updated\"><strong>Mis \u00e0 jour le :<\/strong> 30\/04\/2026<\/p><h2 style=\"text-align: center;\"><strong>Jean SIMONET<\/strong><\/h2>\n<p style=\"text-align: center;\"><strong>1880 \u2013 1957<\/strong><\/p>\n<p style=\"text-align: center;\"><img decoding=\"async\" title=\"\" src=\"https:\/\/lesmaconsdelacreuse.fr\/annuaire\/wp-content\/uploads\/2019\/07\/image1-49.png\" alt=\"\" data-asset-id=\"4497\" data-source-id=\"i.0\" \/><\/p>\n<h4 style=\"text-align: center;\"><span style=\"color: #008000;\"><strong>ma\u00e7on<\/strong> et\u00a0<strong>\u25ba<\/strong><strong><a href=\"https:\/\/www.lesmaconsdelacreuse.fr\/annuaires\/wp-content\/uploads\/2020\/08\/CHARRON.png\" target=\"_blank\" rel=\"noopener noreferrer\"><span style=\"color: #008000;\">charron<\/span><\/a><\/strong><\/span><\/h4>\n<p>&nbsp;<\/p>\n<p style=\"text-align: center;\">n\u00e9 au Compeix (Saint-Pierre-le-Bost)<\/p>\n<p style=\"text-align: center;\">le 17 mars 1880<\/p>\n<p style=\"text-align: center;\">fils de<\/p>\n<p style=\"text-align: center;\">Pardoux SIMONET, mar\u00e9chal-ferrant \/ Marie LENOIR<\/p>\n<p style=\"text-align: center;\">propri\u00e9taires cultivateurs<\/p>\n<p style=\"text-align: center;\"><span style=\"color: #ffffff;\">\u25d9<\/span><\/p>\n<p><strong>En 1901<\/strong><em>, Jean, <\/em><span style=\"color: #008000;\"><strong>ma\u00e7on<\/strong><\/span><em>, se pr\u00e9sente au conseil de r\u00e9vision avec une fracture ancienne de la jambe gauche.<\/em><\/p>\n<p><span style=\"color: #008000;\"><strong>Charron<\/strong><\/span><em>, il \u00e9pouse Augustine Am\u00e9lie <\/em><strong>LENOIR<\/strong><em> le 16 d\u00e9cembre <\/em><strong>1905<\/strong> <em>\u00e0 Saint-Pardoux-Lavaud (contrat Berger \u00e0 Bourganeuf). <\/em><\/p>\n<p><strong>En 1906<\/strong><em>, il est \u00e0 <\/em><span style=\"color: #0000ff;\"><strong>Ville-d\u2019Avray (92)<\/strong><\/span><em>, et loge 40, rue de Versailles\u00a0;<\/em><\/p>\n<p><strong>en 1912<\/strong><em>, 14, rue de Saint-Cloud.<\/em><\/p>\n<p><em> Charron et veuf, il s\u2019y remarie le 14 d\u00e9cembre de la m\u00eame ann\u00e9e avec Marie Octavie Aline <\/em><strong>LAMOUREUX <\/strong><em>(mari\u00e9s sans contrat)<\/em><strong>\u00a0<\/strong><em>.<\/em><\/p>\n<p><em>Veuf ou divorc\u00e9, il \u00e9pouse, aussi \u00e0 Ville-d\u2019Avray, le 10 ao\u00fbt <\/em><strong>1930<\/strong><em>, Marie <\/em><strong>LAGRANGE<\/strong><em>. <\/em><\/p>\n<p><em>Il y d\u00e9c\u00e8de le 19 avril <\/em><strong>1957<\/strong><em>, \u00e2g\u00e9 de 77 ans. <\/em><\/p>\n<p>&nbsp;<\/p>\n","protected":false},"excerpt":{"rendered":"<p>Mis \u00e0 jour le : 30\/04\/2026Jean SIMONET 1880 \u2013 1957 ma\u00e7on et\u00a0\u25bacharron &nbsp; n\u00e9 au Compeix (Saint-Pierre-le-Bost) le 17 mars 1880 fils de Pardoux SIMONET, mar\u00e9chal-ferrant \/ Marie LENOIR propri\u00e9taires cultivateurs \u25d9 En 1901, Jean, ma\u00e7on, se pr\u00e9sente au conseil de r\u00e9vision avec une fracture ancienne de la jambe gauche. Charron, il \u00e9pouse Augustine Am\u00e9lie ..<\/p>\n<div class=\"clear-fix\"><\/div>\n<p><a href=\"https:\/\/www.lesmaconsdelacreuse.fr\/annuaires\/lettre-s\/s_277\/\" title=\"Lire la suite...\">Lire la suite<\/a><\/p>\n","protected":false},"author":2,"featured_media":0,"comment_status":"closed","ping_status":"closed","sticky":false,"template":"","format":"standard","meta":{"_acf_changed":false,"_exactmetrics_skip_tracking":false,"_exactmetrics_sitenote_active":false,"_exactmetrics_sitenote_note":"","_exactmetrics_sitenote_category":0,"footnotes":""},"categories":[12],"tags":[],"class_list":["post-4498","post","type-post","status-publish","format-standard","hentry","category-lettre-s"],"acf":[],"_links":{"self":[{"href":"https:\/\/www.lesmaconsdelacreuse.fr\/annuaires\/wp-json\/wp\/v2\/posts\/4498","targetHints":{"allow":["GET"]}}],"collection":[{"href":"https:\/\/www.lesmaconsdelacreuse.fr\/annuaires\/wp-json\/wp\/v2\/posts"}],"about":[{"href":"https:\/\/www.lesmaconsdelacreuse.fr\/annuaires\/wp-json\/wp\/v2\/types\/post"}],"author":[{"embeddable":true,"href":"https:\/\/www.lesmaconsdelacreuse.fr\/annuaires\/wp-json\/wp\/v2\/users\/2"}],"replies":[{"embeddable":true,"href":"https:\/\/www.lesmaconsdelacreuse.fr\/annuaires\/wp-json\/wp\/v2\/comments?post=4498"}],"version-history":[{"count":0,"href":"https:\/\/www.lesmaconsdelacreuse.fr\/annuaires\/wp-json\/wp\/v2\/posts\/4498\/revisions"}],"wp:attachment":[{"href":"https:\/\/www.lesmaconsdelacreuse.fr\/annuaires\/wp-json\/wp\/v2\/media?parent=4498"}],"wp:term":[{"taxonomy":"category","embeddable":true,"href":"https:\/\/www.lesmaconsdelacreuse.fr\/annuaires\/wp-json\/wp\/v2\/categories?post=4498"},{"taxonomy":"post_tag","embeddable":true,"href":"https:\/\/www.lesmaconsdelacreuse.fr\/annuaires\/wp-json\/wp\/v2\/tags?post=4498"}],"curies":[{"name":"wp","href":"https:\/\/api.w.org\/{rel}","templated":true}]}}