{"id":4500,"date":"2019-07-28T12:12:00","date_gmt":"2019-07-28T10:12:00","guid":{"rendered":"http:\/\/lesmaconsdelacreuse.fr\/annuaire\/?p=4500"},"modified":"2020-03-29T09:31:32","modified_gmt":"2020-03-29T07:31:32","slug":"s_238","status":"publish","type":"post","link":"https:\/\/www.lesmaconsdelacreuse.fr\/annuaires\/lettre-s\/s_238\/","title":{"rendered":"SENY L\u00e9onard (1829-1902)"},"content":{"rendered":"<p class=\"last-updated\"><strong>Mis \u00e0 jour le :<\/strong> 30\/04\/2026<\/p><h2 style=\"text-align: center;\"><strong>L\u00e9onard SENY<\/strong><\/h2>\n<p style=\"text-align: center;\"><strong>1829 \u2013 1902<\/strong><\/p>\n<p style=\"text-align: center;\"><img decoding=\"async\" title=\"\" src=\"https:\/\/lesmaconsdelacreuse.fr\/annuaire\/wp-content\/uploads\/2019\/07\/image1-960.jpg\" alt=\"\" data-asset-id=\"4499\" data-source-id=\"i.0\" \/><\/p>\n<h4 style=\"text-align: center;\"><span style=\"color: #008000;\"><strong>ma\u00e7on; <\/strong><strong>forgeron<\/strong> et <strong>mar\u00e9chal-ferrant<\/strong>; <strong>propri\u00e9taire cultivateur<\/strong><\/span><\/h4>\n<p style=\"text-align: center;\">n\u00e9 \u00e0 Buze (Saint-Pardoux-Lavaud)<\/p>\n<p style=\"text-align: center;\">le 2 novembre 1829<\/p>\n<p style=\"text-align: center;\">fils de<\/p>\n<p style=\"text-align: center;\">\u00c9tienne SENY, <span style=\"color: #008000;\"><strong>ma\u00e7on \/ <\/strong><\/span>Marie VASSIVI\u00c8RE<\/p>\n<p style=\"text-align: center;\">propri\u00e9taires cultivateurs<\/p>\n<p style=\"text-align: center;\"><span style=\"color: #ffffff;\">\u25d9<\/span><\/p>\n<p><em>L\u00e9onard \u00e9pouse Th\u00e9r\u00e8se <\/em><strong>LANDON<\/strong><em> le 18 mars <\/em><strong>1854<\/strong><em> \u00e0 Saint-Pardoux. Il ne sait pas encore signer. Le couple vit \u00e0 Buze. <\/em><\/p>\n<p><strong>En 1857<\/strong><em>, L\u00e9onard travaille \u00e0 <\/em><span style=\"color: #0000ff;\"><strong>Batignolles-Monceaux (75) <\/strong><\/span><em>et loge 5, rue de la Sant\u00e9.<\/em><\/p>\n<p><em>Les \u00e9poux d\u00e9c\u00e8dent \u00e0 Buze\u00a0:<\/em><\/p>\n<ul>\n<li><em>Th\u00e9r\u00e8se, le 29 mai <\/em><strong>1902<\/strong><em>, \u00e2g\u00e9e de 66 ans<\/em><\/li>\n<li><em>L\u00e9onard, le 9 septembre de la m\u00eame ann\u00e9e, \u00e2g\u00e9 de 72 ans<\/em><\/li>\n<\/ul>\n","protected":false},"excerpt":{"rendered":"<p>Mis \u00e0 jour le : 30\/04\/2026L\u00e9onard SENY 1829 \u2013 1902 ma\u00e7on; forgeron et mar\u00e9chal-ferrant; propri\u00e9taire cultivateur n\u00e9 \u00e0 Buze (Saint-Pardoux-Lavaud) le 2 novembre 1829 fils de \u00c9tienne SENY, ma\u00e7on \/ Marie VASSIVI\u00c8RE propri\u00e9taires cultivateurs \u25d9 L\u00e9onard \u00e9pouse Th\u00e9r\u00e8se LANDON le 18 mars 1854 \u00e0 Saint-Pardoux. Il ne sait pas encore signer. Le couple vit \u00e0 ..<\/p>\n<div class=\"clear-fix\"><\/div>\n<p><a href=\"https:\/\/www.lesmaconsdelacreuse.fr\/annuaires\/lettre-s\/s_238\/\" title=\"Lire la suite...\">Lire la suite<\/a><\/p>\n","protected":false},"author":2,"featured_media":0,"comment_status":"closed","ping_status":"closed","sticky":false,"template":"","format":"standard","meta":{"_acf_changed":false,"_exactmetrics_skip_tracking":false,"_exactmetrics_sitenote_active":false,"_exactmetrics_sitenote_note":"","_exactmetrics_sitenote_category":0,"footnotes":""},"categories":[12],"tags":[],"class_list":["post-4500","post","type-post","status-publish","format-standard","hentry","category-lettre-s"],"acf":[],"_links":{"self":[{"href":"https:\/\/www.lesmaconsdelacreuse.fr\/annuaires\/wp-json\/wp\/v2\/posts\/4500","targetHints":{"allow":["GET"]}}],"collection":[{"href":"https:\/\/www.lesmaconsdelacreuse.fr\/annuaires\/wp-json\/wp\/v2\/posts"}],"about":[{"href":"https:\/\/www.lesmaconsdelacreuse.fr\/annuaires\/wp-json\/wp\/v2\/types\/post"}],"author":[{"embeddable":true,"href":"https:\/\/www.lesmaconsdelacreuse.fr\/annuaires\/wp-json\/wp\/v2\/users\/2"}],"replies":[{"embeddable":true,"href":"https:\/\/www.lesmaconsdelacreuse.fr\/annuaires\/wp-json\/wp\/v2\/comments?post=4500"}],"version-history":[{"count":0,"href":"https:\/\/www.lesmaconsdelacreuse.fr\/annuaires\/wp-json\/wp\/v2\/posts\/4500\/revisions"}],"wp:attachment":[{"href":"https:\/\/www.lesmaconsdelacreuse.fr\/annuaires\/wp-json\/wp\/v2\/media?parent=4500"}],"wp:term":[{"taxonomy":"category","embeddable":true,"href":"https:\/\/www.lesmaconsdelacreuse.fr\/annuaires\/wp-json\/wp\/v2\/categories?post=4500"},{"taxonomy":"post_tag","embeddable":true,"href":"https:\/\/www.lesmaconsdelacreuse.fr\/annuaires\/wp-json\/wp\/v2\/tags?post=4500"}],"curies":[{"name":"wp","href":"https:\/\/api.w.org\/{rel}","templated":true}]}}