{"id":4511,"date":"2019-07-28T12:11:59","date_gmt":"2019-07-28T10:11:59","guid":{"rendered":"http:\/\/lesmaconsdelacreuse.fr\/annuaire\/?p=4511"},"modified":"2020-09-21T15:31:23","modified_gmt":"2020-09-21T13:31:23","slug":"s_261","status":"publish","type":"post","link":"https:\/\/www.lesmaconsdelacreuse.fr\/annuaires\/lettre-s\/s_261\/","title":{"rendered":"SIMONET Fran\u00e7ois (1824-1892)"},"content":{"rendered":"<p class=\"last-updated\"><strong>Mis \u00e0 jour le :<\/strong> 30\/04\/2026<\/p><h2 style=\"text-align: center;\"><strong>Fran\u00e7ois SIMONET<\/strong><\/h2>\n<p style=\"text-align: center;\"><strong>1824 \u2013 1892<\/strong><\/p>\n<p style=\"text-align: center;\"><img decoding=\"async\" title=\"\" src=\"https:\/\/lesmaconsdelacreuse.fr\/annuaire\/wp-content\/uploads\/2019\/07\/image1-964.jpg\" alt=\"\" data-asset-id=\"4510\" data-source-id=\"i.0\" \/><\/p>\n<h4 style=\"text-align: center;\"><span style=\"color: #008000;\"><strong>ma\u00e7on <\/strong>et\u00a0<\/span><a href=\"https:\/\/www.lesmaconsdelacreuse.fr\/annuaires\/wp-content\/uploads\/2020\/08\/CARRIER.png\"><strong><span style=\"color: #008000;\"><em>\u25ba<\/em> carrier<\/span>\u00a0<\/strong><\/a><span style=\"color: #008000;\">;\u00a0<\/span><span style=\"color: #008000;\"><strong>propri\u00e9taire cultivateur<\/strong><\/span><\/h4>\n<p>&nbsp;<\/p>\n<p style=\"text-align: center;\">n\u00e9 au Mazeau (Saint-Pardoux-Lavaud)<\/p>\n<p style=\"text-align: center;\">le 20 mai 1824<\/p>\n<p style=\"text-align: center;\">fils de<\/p>\n<p style=\"text-align: center;\">Fran\u00e7ois SIMONET, <span style=\"color: #008000;\"><strong>ma\u00e7on \/ <\/strong><\/span>Marie JOUANAUD<\/p>\n<p style=\"text-align: center;\">propri\u00e9taires cultivateurs<\/p>\n<p style=\"text-align: center;\"><span style=\"color: #ffffff;\">\u25d9<\/span><\/p>\n<p><em>Fran\u00e7ois \u00e9pouse Marie <\/em><strong>NOURRISSEAU<\/strong><em> le 3 mars <\/em><strong>1846<\/strong><em> \u00e0 Saint-Pierre-le-Bost (contrat Lepetit au Monteil-au-Vicomte).<\/em><\/p>\n<p><em> Ils habitent Chez-Brouillard.<\/em><\/p>\n<p><em> Ils y d\u00e9c\u00e8dent\u00a0:<\/em><\/p>\n<ul>\n<li><em>Fran\u00e7ois, le 4 d\u00e9cembre <\/em><strong>1892<\/strong><em>, \u00e2g\u00e9 de 68 ans<\/em><\/li>\n<li><em>Marie, le 30 novembre <\/em><strong>1918<\/strong><em>, \u00e2g\u00e9e de 90 ans<\/em><\/li>\n<\/ul>\n<p>&nbsp;<\/p>\n","protected":false},"excerpt":{"rendered":"<p>Mis \u00e0 jour le : 30\/04\/2026Fran\u00e7ois SIMONET 1824 \u2013 1892 ma\u00e7on et\u00a0\u25ba carrier\u00a0;\u00a0propri\u00e9taire cultivateur &nbsp; n\u00e9 au Mazeau (Saint-Pardoux-Lavaud) le 20 mai 1824 fils de Fran\u00e7ois SIMONET, ma\u00e7on \/ Marie JOUANAUD propri\u00e9taires cultivateurs \u25d9 Fran\u00e7ois \u00e9pouse Marie NOURRISSEAU le 3 mars 1846 \u00e0 Saint-Pierre-le-Bost (contrat Lepetit au Monteil-au-Vicomte). Ils habitent Chez-Brouillard. Ils y d\u00e9c\u00e8dent\u00a0: Fran\u00e7ois, ..<\/p>\n<div class=\"clear-fix\"><\/div>\n<p><a href=\"https:\/\/www.lesmaconsdelacreuse.fr\/annuaires\/lettre-s\/s_261\/\" title=\"Lire la suite...\">Lire la suite<\/a><\/p>\n","protected":false},"author":2,"featured_media":0,"comment_status":"closed","ping_status":"closed","sticky":false,"template":"","format":"standard","meta":{"_acf_changed":false,"_exactmetrics_skip_tracking":false,"_exactmetrics_sitenote_active":false,"_exactmetrics_sitenote_note":"","_exactmetrics_sitenote_category":0,"footnotes":""},"categories":[12],"tags":[],"class_list":["post-4511","post","type-post","status-publish","format-standard","hentry","category-lettre-s"],"acf":[],"_links":{"self":[{"href":"https:\/\/www.lesmaconsdelacreuse.fr\/annuaires\/wp-json\/wp\/v2\/posts\/4511","targetHints":{"allow":["GET"]}}],"collection":[{"href":"https:\/\/www.lesmaconsdelacreuse.fr\/annuaires\/wp-json\/wp\/v2\/posts"}],"about":[{"href":"https:\/\/www.lesmaconsdelacreuse.fr\/annuaires\/wp-json\/wp\/v2\/types\/post"}],"author":[{"embeddable":true,"href":"https:\/\/www.lesmaconsdelacreuse.fr\/annuaires\/wp-json\/wp\/v2\/users\/2"}],"replies":[{"embeddable":true,"href":"https:\/\/www.lesmaconsdelacreuse.fr\/annuaires\/wp-json\/wp\/v2\/comments?post=4511"}],"version-history":[{"count":0,"href":"https:\/\/www.lesmaconsdelacreuse.fr\/annuaires\/wp-json\/wp\/v2\/posts\/4511\/revisions"}],"wp:attachment":[{"href":"https:\/\/www.lesmaconsdelacreuse.fr\/annuaires\/wp-json\/wp\/v2\/media?parent=4511"}],"wp:term":[{"taxonomy":"category","embeddable":true,"href":"https:\/\/www.lesmaconsdelacreuse.fr\/annuaires\/wp-json\/wp\/v2\/categories?post=4511"},{"taxonomy":"post_tag","embeddable":true,"href":"https:\/\/www.lesmaconsdelacreuse.fr\/annuaires\/wp-json\/wp\/v2\/tags?post=4511"}],"curies":[{"name":"wp","href":"https:\/\/api.w.org\/{rel}","templated":true}]}}