{"id":4515,"date":"2019-07-28T12:11:59","date_gmt":"2019-07-28T10:11:59","guid":{"rendered":"http:\/\/lesmaconsdelacreuse.fr\/annuaire\/?p=4515"},"modified":"2022-05-01T12:44:02","modified_gmt":"2022-05-01T10:44:02","slug":"s_243","status":"publish","type":"post","link":"https:\/\/www.lesmaconsdelacreuse.fr\/annuaires\/lettre-s\/s_243\/","title":{"rendered":"SERU Gatien Fran\u00e7ois (1905-1989)"},"content":{"rendered":"<p class=\"last-updated\"><strong>Mis \u00e0 jour le :<\/strong> 30\/04\/2026<\/p><h2 style=\"text-align: center;\"><strong>Gatien Fran\u00e7ois S\u00c9RU<\/strong><\/h2>\n<p style=\"text-align: center;\"><strong>Fran\u00e7ois S\u00c9RU<\/strong><\/p>\n<p style=\"text-align: center;\"><strong>1905 \u2013 1989<\/strong><\/p>\n<p style=\"text-align: center;\"><img decoding=\"async\" title=\"\" src=\"https:\/\/lesmaconsdelacreuse.fr\/annuaire\/wp-content\/uploads\/2019\/07\/image1-966.jpg\" alt=\"\" data-asset-id=\"4513\" data-source-id=\"i.0\" \/><\/p>\n<h4 style=\"text-align: center;\"><span style=\"color: #008000;\"><strong>ma\u00e7on<\/strong><\/span> <span style=\"color: #008000;\">et<\/span>\u00a0<span style=\"color: #008000;\"><strong><em>\u25ba<a href=\"https:\/\/www.lesmaconsdelacreuse.fr\/annuaires\/wp-content\/uploads\/2020\/07\/FUMISTE.png\" target=\"_blank\" rel=\"noopener noreferrer\"><span style=\"color: #008000;\">fumiste<\/span><\/a><\/em> <\/strong><span style=\"color: #000000;\">; <\/span><\/span><span style=\"color: #008000;\"><strong>cultivateur<\/strong><\/span><\/h4>\n<p>&nbsp;<\/p>\n<p style=\"text-align: center;\">n\u00e9 \u00e0 Eymoutiers (87)<\/p>\n<p style=\"text-align: center;\">le 18 d\u00e9cembre 1905<\/p>\n<p style=\"text-align: center;\">fils de<\/p>\n<p style=\"text-align: center;\">L\u00e9onard S\u00c9RU, <span style=\"color: #008000;\"><strong>ma\u00e7on<\/strong><\/span><\/p>\n<p style=\"text-align: center;\">Catherine VIALATOUX, cultivatrice<\/p>\n<p style=\"text-align: center;\"><span style=\"color: #ffffff;\">\u25d9<\/span><\/p>\n<p><em>Fran\u00e7ois \u00e9pouse Jeanne Alice Adrienne <\/em><strong>BESSETTE<\/strong><em>, couturi\u00e8re, le 16 mars <\/em><strong>1929<\/strong><em> \u00e0 Roy\u00e8re (mari\u00e9s sans contrat).<\/em><\/p>\n<p><em> Ils habitent d\u2019abord Arpeix, m\u00eame commune.<\/em><\/p>\n<p><strong>En 1956<\/strong><em>, ils sont \u00e0 <\/em><span style=\"color: #0000ff;\"><strong>Villeurbanne (69)<\/strong><\/span><em>, et habitent 57, avenue Galline.<\/em><\/p>\n<p><em>Ils d\u00e9c\u00e8dent\u00a0:<\/em><\/p>\n<ul>\n<li><em>Jeanne \u00e0 Villeurbanne le 11 novembre <\/em><strong>1972<\/strong><em>, \u00e2g\u00e9e de 67 ans<\/em><\/li>\n<li><em>Fran\u00e7ois \u00e0 Roy\u00e8re, le 30 octobre <\/em><strong>1989<\/strong><em>, \u00e2g\u00e9 de 83 ans<\/em><\/li>\n<\/ul>\n<p>&nbsp;<\/p>\n","protected":false},"excerpt":{"rendered":"<p>Mis \u00e0 jour le : 30\/04\/2026Gatien Fran\u00e7ois S\u00c9RU Fran\u00e7ois S\u00c9RU 1905 \u2013 1989 ma\u00e7on et\u00a0\u25bafumiste ; cultivateur &nbsp; n\u00e9 \u00e0 Eymoutiers (87) le 18 d\u00e9cembre 1905 fils de L\u00e9onard S\u00c9RU, ma\u00e7on Catherine VIALATOUX, cultivatrice \u25d9 Fran\u00e7ois \u00e9pouse Jeanne Alice Adrienne BESSETTE, couturi\u00e8re, le 16 mars 1929 \u00e0 Roy\u00e8re (mari\u00e9s sans contrat). Ils habitent d\u2019abord Arpeix, ..<\/p>\n<div class=\"clear-fix\"><\/div>\n<p><a href=\"https:\/\/www.lesmaconsdelacreuse.fr\/annuaires\/lettre-s\/s_243\/\" title=\"Lire la suite...\">Lire la suite<\/a><\/p>\n","protected":false},"author":2,"featured_media":0,"comment_status":"closed","ping_status":"closed","sticky":false,"template":"","format":"standard","meta":{"_acf_changed":false,"_exactmetrics_skip_tracking":false,"_exactmetrics_sitenote_active":false,"_exactmetrics_sitenote_note":"","_exactmetrics_sitenote_category":0,"footnotes":""},"categories":[12],"tags":[],"class_list":["post-4515","post","type-post","status-publish","format-standard","hentry","category-lettre-s"],"acf":[],"_links":{"self":[{"href":"https:\/\/www.lesmaconsdelacreuse.fr\/annuaires\/wp-json\/wp\/v2\/posts\/4515","targetHints":{"allow":["GET"]}}],"collection":[{"href":"https:\/\/www.lesmaconsdelacreuse.fr\/annuaires\/wp-json\/wp\/v2\/posts"}],"about":[{"href":"https:\/\/www.lesmaconsdelacreuse.fr\/annuaires\/wp-json\/wp\/v2\/types\/post"}],"author":[{"embeddable":true,"href":"https:\/\/www.lesmaconsdelacreuse.fr\/annuaires\/wp-json\/wp\/v2\/users\/2"}],"replies":[{"embeddable":true,"href":"https:\/\/www.lesmaconsdelacreuse.fr\/annuaires\/wp-json\/wp\/v2\/comments?post=4515"}],"version-history":[{"count":2,"href":"https:\/\/www.lesmaconsdelacreuse.fr\/annuaires\/wp-json\/wp\/v2\/posts\/4515\/revisions"}],"predecessor-version":[{"id":198532,"href":"https:\/\/www.lesmaconsdelacreuse.fr\/annuaires\/wp-json\/wp\/v2\/posts\/4515\/revisions\/198532"}],"wp:attachment":[{"href":"https:\/\/www.lesmaconsdelacreuse.fr\/annuaires\/wp-json\/wp\/v2\/media?parent=4515"}],"wp:term":[{"taxonomy":"category","embeddable":true,"href":"https:\/\/www.lesmaconsdelacreuse.fr\/annuaires\/wp-json\/wp\/v2\/categories?post=4515"},{"taxonomy":"post_tag","embeddable":true,"href":"https:\/\/www.lesmaconsdelacreuse.fr\/annuaires\/wp-json\/wp\/v2\/tags?post=4515"}],"curies":[{"name":"wp","href":"https:\/\/api.w.org\/{rel}","templated":true}]}}