{"id":4519,"date":"2019-07-28T12:11:58","date_gmt":"2019-07-28T10:11:58","guid":{"rendered":"http:\/\/lesmaconsdelacreuse.fr\/annuaire\/?p=4519"},"modified":"2021-12-19T19:24:03","modified_gmt":"2021-12-19T18:24:03","slug":"s_245","status":"publish","type":"post","link":"https:\/\/www.lesmaconsdelacreuse.fr\/annuaires\/lettre-s\/s_245\/","title":{"rendered":"SERRUT Pierre Eug\u00e8ne (1843-1918)"},"content":{"rendered":"<p class=\"last-updated\"><strong>Mis \u00e0 jour le :<\/strong> 30\/04\/2026<\/p><h2 style=\"text-align: center;\"><strong>Pierre Eug\u00e8ne SERRUT<\/strong><\/h2>\n<p style=\"text-align: center;\"><strong>Pierre SERRUT<\/strong><\/p>\n<p style=\"text-align: center;\"><strong>1843 \u2013 1918<\/strong><\/p>\n<p style=\"text-align: center;\"><img decoding=\"async\" title=\"\" src=\"https:\/\/lesmaconsdelacreuse.fr\/annuaire\/wp-content\/uploads\/2019\/07\/image1-968.jpg\" alt=\"\" data-asset-id=\"4518\" data-source-id=\"i.0\" \/><\/p>\n<h4 style=\"text-align: center;\"><span style=\"color: #008000;\"><strong>ma\u00e7on <\/strong>et<strong> cultivateur<\/strong><\/span><\/h4>\n<p style=\"text-align: center;\">n\u00e9 \u00e0 Arfeuille (Saint-Junien-la-Breg\u00e8re)<\/p>\n<p style=\"text-align: center;\">le 26 mars 1843<\/p>\n<p style=\"text-align: center;\">fils de<\/p>\n<p style=\"text-align: center;\">Jacques SERRUT \/ Anne MAN\u00c9GRIER<\/p>\n<p style=\"text-align: center;\">cultivateurs<\/p>\n<p style=\"text-align: center;\"><span style=\"color: #ffffff;\">\u25d9<\/span><\/p>\n<p><em>Pierre \u00e9pouse Madeleine <\/em><strong>DUFOUR<\/strong><em> le 28 f\u00e9vrier <\/em><strong>1870<\/strong><em> \u00e0 Saint-Moreil (contrat Berger \u00e0 Bourganeuf).<\/em><\/p>\n<p><em> Ils habitent Le Montingo\u00fbt, commune de Saint-Moreil, o\u00f9 d\u00e9c\u00e8de Madeleine, le 8 juillet <\/em><strong>1911<\/strong><em>, \u00e2g\u00e9e de 63 ans. <\/em><\/p>\n<p><em>Pierre se remarie le 12 octobre <\/em><strong>1912<\/strong><em> \u00e0 Saint-Moreil avec Jeanne \u00c9milie Victorine <\/em><strong>CL\u00c9MENT<\/strong><em>, veuve d\u2019\u00c9tienne CHARBONNIER (contrat Berger \u00e0 Bourganeuf).<\/em><\/p>\n<p>Ils d\u00e9c\u00e8dent:<\/p>\n<ul>\n<li><em>Pierre au Montingo\u00fbt; le 8 juin <\/em><strong>1918<\/strong><em>, \u00e2g\u00e9 de 75 ans<\/em><\/li>\n<li><em>Victorine au Ch\u00e2tain, m\u00eame commune, le 26 mars <\/em><strong>1941<\/strong><em>, \u00e2g\u00e9e de 72 ans.<\/em><\/li>\n<\/ul>\n","protected":false},"excerpt":{"rendered":"<p>Mis \u00e0 jour le : 30\/04\/2026Pierre Eug\u00e8ne SERRUT Pierre SERRUT 1843 \u2013 1918 ma\u00e7on et cultivateur n\u00e9 \u00e0 Arfeuille (Saint-Junien-la-Breg\u00e8re) le 26 mars 1843 fils de Jacques SERRUT \/ Anne MAN\u00c9GRIER cultivateurs \u25d9 Pierre \u00e9pouse Madeleine DUFOUR le 28 f\u00e9vrier 1870 \u00e0 Saint-Moreil (contrat Berger \u00e0 Bourganeuf). Ils habitent Le Montingo\u00fbt, commune de Saint-Moreil, o\u00f9 ..<\/p>\n<div class=\"clear-fix\"><\/div>\n<p><a href=\"https:\/\/www.lesmaconsdelacreuse.fr\/annuaires\/lettre-s\/s_245\/\" title=\"Lire la suite...\">Lire la suite<\/a><\/p>\n","protected":false},"author":2,"featured_media":0,"comment_status":"closed","ping_status":"closed","sticky":false,"template":"","format":"standard","meta":{"_acf_changed":false,"_exactmetrics_skip_tracking":false,"_exactmetrics_sitenote_active":false,"_exactmetrics_sitenote_note":"","_exactmetrics_sitenote_category":0,"footnotes":""},"categories":[12],"tags":[],"class_list":["post-4519","post","type-post","status-publish","format-standard","hentry","category-lettre-s"],"acf":[],"_links":{"self":[{"href":"https:\/\/www.lesmaconsdelacreuse.fr\/annuaires\/wp-json\/wp\/v2\/posts\/4519","targetHints":{"allow":["GET"]}}],"collection":[{"href":"https:\/\/www.lesmaconsdelacreuse.fr\/annuaires\/wp-json\/wp\/v2\/posts"}],"about":[{"href":"https:\/\/www.lesmaconsdelacreuse.fr\/annuaires\/wp-json\/wp\/v2\/types\/post"}],"author":[{"embeddable":true,"href":"https:\/\/www.lesmaconsdelacreuse.fr\/annuaires\/wp-json\/wp\/v2\/users\/2"}],"replies":[{"embeddable":true,"href":"https:\/\/www.lesmaconsdelacreuse.fr\/annuaires\/wp-json\/wp\/v2\/comments?post=4519"}],"version-history":[{"count":2,"href":"https:\/\/www.lesmaconsdelacreuse.fr\/annuaires\/wp-json\/wp\/v2\/posts\/4519\/revisions"}],"predecessor-version":[{"id":193339,"href":"https:\/\/www.lesmaconsdelacreuse.fr\/annuaires\/wp-json\/wp\/v2\/posts\/4519\/revisions\/193339"}],"wp:attachment":[{"href":"https:\/\/www.lesmaconsdelacreuse.fr\/annuaires\/wp-json\/wp\/v2\/media?parent=4519"}],"wp:term":[{"taxonomy":"category","embeddable":true,"href":"https:\/\/www.lesmaconsdelacreuse.fr\/annuaires\/wp-json\/wp\/v2\/categories?post=4519"},{"taxonomy":"post_tag","embeddable":true,"href":"https:\/\/www.lesmaconsdelacreuse.fr\/annuaires\/wp-json\/wp\/v2\/tags?post=4519"}],"curies":[{"name":"wp","href":"https:\/\/api.w.org\/{rel}","templated":true}]}}