{"id":4521,"date":"2019-07-28T12:11:58","date_gmt":"2019-07-28T10:11:58","guid":{"rendered":"http:\/\/lesmaconsdelacreuse.fr\/annuaire\/?p=4521"},"modified":"2020-01-20T11:30:01","modified_gmt":"2020-01-20T10:30:01","slug":"s_249","status":"publish","type":"post","link":"https:\/\/www.lesmaconsdelacreuse.fr\/annuaires\/lettre-s\/s_249\/","title":{"rendered":"SIMONET Antoine (1754-apr\u00e8s 1787)"},"content":{"rendered":"<p class=\"last-updated\"><strong>Mis \u00e0 jour le :<\/strong> 30\/04\/2026<\/p><h2 style=\"text-align: center;\"><strong>Antoine SIMONET<\/strong><\/h2>\n<p style=\"text-align: center;\"><strong>1754 \u2013 apr\u00e8s 1787<\/strong><\/p>\n<p style=\"text-align: center;\"><img decoding=\"async\" title=\"\" src=\"https:\/\/lesmaconsdelacreuse.fr\/annuaire\/wp-content\/uploads\/2019\/07\/image1-969.jpg\" alt=\"\" data-asset-id=\"4520\" data-source-id=\"i.0\" \/><\/p>\n<h4 style=\"text-align: center;\"><span style=\"color: #008000;\"><strong>ma\u00e7on <\/strong>et<strong> laboureur<\/strong><\/span><\/h4>\n<p style=\"text-align: center;\">n\u00e9 \u00e0 Favareillas (Saint-Martin-Ch\u00e2teau)<\/p>\n<p style=\"text-align: center;\">le 3 f\u00e9vrier 1754<\/p>\n<p style=\"text-align: center;\">fils de<\/p>\n<p style=\"text-align: center;\">Louis SIMONET \/ L\u00e9onarde CHAPEAUBLANC<\/p>\n<p style=\"text-align: center;\">laboureurs<\/p>\n<p style=\"text-align: center;\"><span style=\"color: #ffffff;\">\u25d9<\/span><\/p>\n<p><em>Antoine \u00e9pouse Jeanne <\/em><strong>PIRON<\/strong><em> le 23 f\u00e9vrier <\/em><strong>1781<\/strong><em> \u00e0 Saint-Pardoux-Lavaud.<\/em><\/p>\n<p><em> Jeanne d\u00e9c\u00e8de \u00e0 Neuvialle, paroisse de Saint-Martin, le 19 f\u00e9vrier <\/em><strong>1787<\/strong><em>, \u00e2g\u00e9e de 25 ans environ.<\/em><\/p>\n<p><em>Antoine se remarie le 25 juin de la m\u00eame ann\u00e9e \u00e0 Roy\u00e8re avec Jeanne <\/em><strong>TEYTON<\/strong><em>. <\/em><\/p>\n","protected":false},"excerpt":{"rendered":"<p>Mis \u00e0 jour le : 30\/04\/2026Antoine SIMONET 1754 \u2013 apr\u00e8s 1787 ma\u00e7on et laboureur n\u00e9 \u00e0 Favareillas (Saint-Martin-Ch\u00e2teau) le 3 f\u00e9vrier 1754 fils de Louis SIMONET \/ L\u00e9onarde CHAPEAUBLANC laboureurs \u25d9 Antoine \u00e9pouse Jeanne PIRON le 23 f\u00e9vrier 1781 \u00e0 Saint-Pardoux-Lavaud. Jeanne d\u00e9c\u00e8de \u00e0 Neuvialle, paroisse de Saint-Martin, le 19 f\u00e9vrier 1787, \u00e2g\u00e9e de 25 ..<\/p>\n<div class=\"clear-fix\"><\/div>\n<p><a href=\"https:\/\/www.lesmaconsdelacreuse.fr\/annuaires\/lettre-s\/s_249\/\" title=\"Lire la suite...\">Lire la suite<\/a><\/p>\n","protected":false},"author":2,"featured_media":0,"comment_status":"closed","ping_status":"closed","sticky":false,"template":"","format":"standard","meta":{"_acf_changed":false,"_exactmetrics_skip_tracking":false,"_exactmetrics_sitenote_active":false,"_exactmetrics_sitenote_note":"","_exactmetrics_sitenote_category":0,"footnotes":""},"categories":[12],"tags":[],"class_list":["post-4521","post","type-post","status-publish","format-standard","hentry","category-lettre-s"],"acf":[],"_links":{"self":[{"href":"https:\/\/www.lesmaconsdelacreuse.fr\/annuaires\/wp-json\/wp\/v2\/posts\/4521","targetHints":{"allow":["GET"]}}],"collection":[{"href":"https:\/\/www.lesmaconsdelacreuse.fr\/annuaires\/wp-json\/wp\/v2\/posts"}],"about":[{"href":"https:\/\/www.lesmaconsdelacreuse.fr\/annuaires\/wp-json\/wp\/v2\/types\/post"}],"author":[{"embeddable":true,"href":"https:\/\/www.lesmaconsdelacreuse.fr\/annuaires\/wp-json\/wp\/v2\/users\/2"}],"replies":[{"embeddable":true,"href":"https:\/\/www.lesmaconsdelacreuse.fr\/annuaires\/wp-json\/wp\/v2\/comments?post=4521"}],"version-history":[{"count":0,"href":"https:\/\/www.lesmaconsdelacreuse.fr\/annuaires\/wp-json\/wp\/v2\/posts\/4521\/revisions"}],"wp:attachment":[{"href":"https:\/\/www.lesmaconsdelacreuse.fr\/annuaires\/wp-json\/wp\/v2\/media?parent=4521"}],"wp:term":[{"taxonomy":"category","embeddable":true,"href":"https:\/\/www.lesmaconsdelacreuse.fr\/annuaires\/wp-json\/wp\/v2\/categories?post=4521"},{"taxonomy":"post_tag","embeddable":true,"href":"https:\/\/www.lesmaconsdelacreuse.fr\/annuaires\/wp-json\/wp\/v2\/tags?post=4521"}],"curies":[{"name":"wp","href":"https:\/\/api.w.org\/{rel}","templated":true}]}}