{"id":4524,"date":"2019-07-28T12:11:58","date_gmt":"2019-07-28T10:11:58","guid":{"rendered":"http:\/\/lesmaconsdelacreuse.fr\/annuaire\/?p=4524"},"modified":"2020-01-20T11:30:01","modified_gmt":"2020-01-20T10:30:01","slug":"s_253","status":"publish","type":"post","link":"https:\/\/www.lesmaconsdelacreuse.fr\/annuaires\/lettre-s\/s_253\/","title":{"rendered":"SIMONET Antoine (1866-apr\u00e8s 1912)"},"content":{"rendered":"<p class=\"last-updated\"><strong>Mis \u00e0 jour le :<\/strong> 30\/04\/2026<\/p><h2 style=\"text-align: center;\"><strong>Antoine SIMONET<\/strong><\/h2>\n<p style=\"text-align: center;\"><strong>1866 \u2013 apr\u00e8s 1912<\/strong><\/p>\n<p style=\"text-align: center;\"><img decoding=\"async\" title=\"\" src=\"https:\/\/lesmaconsdelacreuse.fr\/annuaire\/wp-content\/uploads\/2019\/07\/image1-51.png\" alt=\"\" data-asset-id=\"4522\" data-source-id=\"i.0\" \/><\/p>\n<h4 style=\"text-align: center;\"><span style=\"color: #008000;\"><strong>ma\u00e7on<\/strong><\/span><\/h4>\n<p style=\"text-align: center;\">n\u00e9 \u00e0 Chez-Brouillard (Saint-Pierre-le-Bost)<\/p>\n<p style=\"text-align: center;\">le 31 d\u00e9cembre 1866<\/p>\n<p style=\"text-align: center;\">fr\u00e8re jumeau de Baptiste<\/p>\n<p style=\"text-align: center;\">fils de<\/p>\n<p style=\"text-align: center;\">Pardoux SIMONET, mar\u00e9chal-ferrant<\/p>\n<p style=\"text-align: center;\">Marie LENOIR, cultivatrice<\/p>\n<p style=\"text-align: center;\"><span style=\"color: #ffffff;\">\u25d9<\/span><\/p>\n<p><strong>En 1887<\/strong>, <em>Antoine est dispens\u00e9 de service militaire, \u00e9tant a\u00een\u00e9 de jumeaux.<\/em><\/p>\n<p><strong>En 1889<\/strong><em>, Antoine travaille \u00e0 <\/em><span style=\"color: #0000ff;\"><strong>Paris (75)<\/strong><\/span><em> et loge 3, rue Saint-M\u00e9dard. <\/em><\/p>\n<p><strong>En 1890<\/strong><em>, il est \u00e0 <\/em><span style=\"color: #0000ff;\"><strong>Ivry (94)<\/strong><\/span><em>, 84, rue de l\u2019Ouest.\u00a0;<\/em><\/p>\n<p><strong>en 1892<\/strong><em>, de nouveau \u00e0 Paris, 24, rue des Sablons, puis 6, rue Balagny; <\/em><\/p>\n<p><strong>en 1893<\/strong><em>, 24, rue Balagny;<\/em><\/p>\n<p><strong>en 1897<\/strong><em>, 118, rue Choisy; <\/em><\/p>\n<p><strong>en 1900<\/strong><em>, 201, m\u00eame rue.<\/em><\/p>\n<p><em> Il \u00e9pouse Fran\u00e7oise <\/em><strong>ALAMARGUI<\/strong><em> le 11 mars <\/em><strong>1905<\/strong><em> \u00e0 Paris 13e. <\/em><\/p>\n<p><strong>En 1912<\/strong><em>, ils habitent 11, rue Damesme.<\/em><\/p>\n<p>&nbsp;<\/p>\n","protected":false},"excerpt":{"rendered":"<p>Mis \u00e0 jour le : 30\/04\/2026Antoine SIMONET 1866 \u2013 apr\u00e8s 1912 ma\u00e7on n\u00e9 \u00e0 Chez-Brouillard (Saint-Pierre-le-Bost) le 31 d\u00e9cembre 1866 fr\u00e8re jumeau de Baptiste fils de Pardoux SIMONET, mar\u00e9chal-ferrant Marie LENOIR, cultivatrice \u25d9 En 1887, Antoine est dispens\u00e9 de service militaire, \u00e9tant a\u00een\u00e9 de jumeaux. En 1889, Antoine travaille \u00e0 Paris (75) et loge 3, ..<\/p>\n<div class=\"clear-fix\"><\/div>\n<p><a href=\"https:\/\/www.lesmaconsdelacreuse.fr\/annuaires\/lettre-s\/s_253\/\" title=\"Lire la suite...\">Lire la suite<\/a><\/p>\n","protected":false},"author":2,"featured_media":0,"comment_status":"closed","ping_status":"closed","sticky":false,"template":"","format":"standard","meta":{"_acf_changed":false,"_exactmetrics_skip_tracking":false,"_exactmetrics_sitenote_active":false,"_exactmetrics_sitenote_note":"","_exactmetrics_sitenote_category":0,"footnotes":""},"categories":[12],"tags":[],"class_list":["post-4524","post","type-post","status-publish","format-standard","hentry","category-lettre-s"],"acf":[],"_links":{"self":[{"href":"https:\/\/www.lesmaconsdelacreuse.fr\/annuaires\/wp-json\/wp\/v2\/posts\/4524","targetHints":{"allow":["GET"]}}],"collection":[{"href":"https:\/\/www.lesmaconsdelacreuse.fr\/annuaires\/wp-json\/wp\/v2\/posts"}],"about":[{"href":"https:\/\/www.lesmaconsdelacreuse.fr\/annuaires\/wp-json\/wp\/v2\/types\/post"}],"author":[{"embeddable":true,"href":"https:\/\/www.lesmaconsdelacreuse.fr\/annuaires\/wp-json\/wp\/v2\/users\/2"}],"replies":[{"embeddable":true,"href":"https:\/\/www.lesmaconsdelacreuse.fr\/annuaires\/wp-json\/wp\/v2\/comments?post=4524"}],"version-history":[{"count":0,"href":"https:\/\/www.lesmaconsdelacreuse.fr\/annuaires\/wp-json\/wp\/v2\/posts\/4524\/revisions"}],"wp:attachment":[{"href":"https:\/\/www.lesmaconsdelacreuse.fr\/annuaires\/wp-json\/wp\/v2\/media?parent=4524"}],"wp:term":[{"taxonomy":"category","embeddable":true,"href":"https:\/\/www.lesmaconsdelacreuse.fr\/annuaires\/wp-json\/wp\/v2\/categories?post=4524"},{"taxonomy":"post_tag","embeddable":true,"href":"https:\/\/www.lesmaconsdelacreuse.fr\/annuaires\/wp-json\/wp\/v2\/tags?post=4524"}],"curies":[{"name":"wp","href":"https:\/\/api.w.org\/{rel}","templated":true}]}}