{"id":4530,"date":"2019-07-28T12:11:58","date_gmt":"2019-07-28T10:11:58","guid":{"rendered":"http:\/\/lesmaconsdelacreuse.fr\/annuaire\/?p=4530"},"modified":"2022-01-27T19:09:12","modified_gmt":"2022-01-27T18:09:12","slug":"s_212","status":"publish","type":"post","link":"https:\/\/www.lesmaconsdelacreuse.fr\/annuaires\/lettre-s\/s_212\/","title":{"rendered":"SAUVANAUD Paul Antoine Joseph (1878-1964)"},"content":{"rendered":"<p class=\"last-updated\"><strong>Mis \u00e0 jour le :<\/strong> 30\/04\/2026<\/p><h2 style=\"text-align: center;\"><strong>Paul Antoine Joseph SAUVANAUD<\/strong><\/h2>\n<p style=\"text-align: center;\"><strong>Paul SAUVANAUD<\/strong><\/p>\n<p style=\"text-align: center;\"><strong>1878 \u2013 1964<\/strong><\/p>\n<p style=\"text-align: center;\"><img loading=\"lazy\" decoding=\"async\" class=\"\" title=\"\" src=\"https:\/\/lesmaconsdelacreuse.fr\/annuaire\/wp-content\/uploads\/2019\/07\/image1-971.jpg\" alt=\"\" width=\"310\" height=\"55\" data-asset-id=\"4528\" data-source-id=\"i.0\" \/><\/p>\n<h4 style=\"text-align: center;\"><span style=\"color: #008000;\"><strong>ma\u00e7on<\/strong> et <strong>boulanger<\/strong><\/span><\/h4>\n<p style=\"text-align: center;\">n\u00e9 au Gu\u00e9-Chaumeix (Le Monteil-au-Vicomte)<\/p>\n<p style=\"text-align: center;\">le 6 juillet 1878<\/p>\n<p style=\"text-align: center;\">fils de<\/p>\n<p style=\"text-align: center;\">Jean-Baptiste SAUVANAUD, <span style=\"color: #008000;\"><strong>ma\u00e7on<\/strong><\/span> , sabotier<\/p>\n<p style=\"text-align: center;\">Marthe \u00c9milie RADIGON<\/p>\n<p style=\"text-align: center;\">meuniers et propri\u00e9taires cultivateurs<\/p>\n<p style=\"text-align: center;\"><span style=\"color: #ffffff;\">\u25d9<\/span><\/p>\n<p><em>Paul \u00e9pouse Corn\u00e9lie Jos\u00e9phine <\/em><strong>BAUDY<\/strong><em> le 5 mars <\/em><strong>1904<\/strong><em> \u00e0 Roy\u00e8re (contrat Toumieux). Ils habitent d\u2019abord Roy\u00e8re. <\/em><\/p>\n<p><strong>En 1907<\/strong><em>, Paul travaille \u00e0 <\/em><span style=\"color: #0000ff;\"><strong>Paris (75)<\/strong><\/span><em>, et habite 23, rue Jussieu dans le 5e arrondissement, puis 18, rue des Deux Ponts.<\/em><\/p>\n<p><strong>En 1910,<\/strong> <em>les \u00e9poux habitent le 13e arrondissement.<\/em><\/p>\n<p><em>Ils d\u00e9c\u00e8dent :<\/em><\/p>\n<ul>\n<li><em>Corn\u00e9lie, \u00e0 Lachaud, commune du Monteil-au-Vicomte, le 18 juillet <\/em><strong>1930<\/strong><em><strong>,<\/strong> \u00e2g\u00e9e de 50 ans<\/em><\/li>\n<li><em>Paul, \u00e0 Vidaillat, le 18 d\u00e9cembre <\/em><strong>1964<\/strong><em>, \u00e2g\u00e9 de 86 ans<\/em><\/li>\n<\/ul>\n","protected":false},"excerpt":{"rendered":"<p>Mis \u00e0 jour le : 30\/04\/2026Paul Antoine Joseph SAUVANAUD Paul SAUVANAUD 1878 \u2013 1964 ma\u00e7on et boulanger n\u00e9 au Gu\u00e9-Chaumeix (Le Monteil-au-Vicomte) le 6 juillet 1878 fils de Jean-Baptiste SAUVANAUD, ma\u00e7on , sabotier Marthe \u00c9milie RADIGON meuniers et propri\u00e9taires cultivateurs \u25d9 Paul \u00e9pouse Corn\u00e9lie Jos\u00e9phine BAUDY le 5 mars 1904 \u00e0 Roy\u00e8re (contrat Toumieux). Ils ..<\/p>\n<div class=\"clear-fix\"><\/div>\n<p><a href=\"https:\/\/www.lesmaconsdelacreuse.fr\/annuaires\/lettre-s\/s_212\/\" title=\"Lire la suite...\">Lire la suite<\/a><\/p>\n","protected":false},"author":2,"featured_media":0,"comment_status":"closed","ping_status":"closed","sticky":false,"template":"","format":"standard","meta":{"_acf_changed":false,"_exactmetrics_skip_tracking":false,"_exactmetrics_sitenote_active":false,"_exactmetrics_sitenote_note":"","_exactmetrics_sitenote_category":0,"footnotes":""},"categories":[12],"tags":[],"class_list":["post-4530","post","type-post","status-publish","format-standard","hentry","category-lettre-s"],"acf":[],"_links":{"self":[{"href":"https:\/\/www.lesmaconsdelacreuse.fr\/annuaires\/wp-json\/wp\/v2\/posts\/4530","targetHints":{"allow":["GET"]}}],"collection":[{"href":"https:\/\/www.lesmaconsdelacreuse.fr\/annuaires\/wp-json\/wp\/v2\/posts"}],"about":[{"href":"https:\/\/www.lesmaconsdelacreuse.fr\/annuaires\/wp-json\/wp\/v2\/types\/post"}],"author":[{"embeddable":true,"href":"https:\/\/www.lesmaconsdelacreuse.fr\/annuaires\/wp-json\/wp\/v2\/users\/2"}],"replies":[{"embeddable":true,"href":"https:\/\/www.lesmaconsdelacreuse.fr\/annuaires\/wp-json\/wp\/v2\/comments?post=4530"}],"version-history":[{"count":2,"href":"https:\/\/www.lesmaconsdelacreuse.fr\/annuaires\/wp-json\/wp\/v2\/posts\/4530\/revisions"}],"predecessor-version":[{"id":194257,"href":"https:\/\/www.lesmaconsdelacreuse.fr\/annuaires\/wp-json\/wp\/v2\/posts\/4530\/revisions\/194257"}],"wp:attachment":[{"href":"https:\/\/www.lesmaconsdelacreuse.fr\/annuaires\/wp-json\/wp\/v2\/media?parent=4530"}],"wp:term":[{"taxonomy":"category","embeddable":true,"href":"https:\/\/www.lesmaconsdelacreuse.fr\/annuaires\/wp-json\/wp\/v2\/categories?post=4530"},{"taxonomy":"post_tag","embeddable":true,"href":"https:\/\/www.lesmaconsdelacreuse.fr\/annuaires\/wp-json\/wp\/v2\/tags?post=4530"}],"curies":[{"name":"wp","href":"https:\/\/api.w.org\/{rel}","templated":true}]}}