{"id":4537,"date":"2019-07-28T12:11:58","date_gmt":"2019-07-28T10:11:58","guid":{"rendered":"http:\/\/lesmaconsdelacreuse.fr\/annuaire\/?p=4537"},"modified":"2022-05-01T11:15:39","modified_gmt":"2022-05-01T09:15:39","slug":"s_224","status":"publish","type":"post","link":"https:\/\/www.lesmaconsdelacreuse.fr\/annuaires\/lettre-s\/s_224\/","title":{"rendered":"SAVY Mathurin (1820-1895)"},"content":{"rendered":"<p class=\"last-updated\"><strong>Mis \u00e0 jour le :<\/strong> 30\/04\/2026<\/p><h2 style=\"text-align: center;\"><strong>Mathurin SAVY<\/strong><\/h2>\n<p style=\"text-align: center;\"><strong>1820 \u2013 1895<\/strong><\/p>\n<p style=\"text-align: center;\"><img decoding=\"async\" title=\"\" src=\"https:\/\/lesmaconsdelacreuse.fr\/annuaire\/wp-content\/uploads\/2019\/07\/image1-974.jpg\" alt=\"\" data-asset-id=\"4534\" data-source-id=\"i.0\" \/><\/p>\n<h4 style=\"text-align: center;\"><span style=\"color: #008000;\"><strong>ma\u00e7on <\/strong>et<strong> cultivateur<\/strong><\/span><\/h4>\n<p style=\"text-align: center;\">n\u00e9 au Mazeau (Vidaillat)<\/p>\n<p style=\"text-align: center;\">le 22 mars 1820<\/p>\n<p style=\"text-align: center;\">fils de<\/p>\n<p style=\"text-align: center;\">Jacques SAVY \/ Catherine FANTON<\/p>\n<p style=\"text-align: center;\">cultivateurs<\/p>\n<p style=\"text-align: center;\"><span style=\"color: #ffffff;\">\u25d9<\/span><\/p>\n<p><em>Mathurin \u00e9pouse Marie <\/em><strong>LAGRANGE<\/strong><em> le 6 f\u00e9vrier <\/em><strong>1851<\/strong><em> \u00e0 Saint-Pierre-le-Bost (mari\u00e9s sans contrat). <\/em><\/p>\n<p><em>Ils habitent d&rsquo;abord Gioux, commune de Saint-Pierre.<\/em><\/p>\n<p><strong>En 1852<\/strong><em>, Mathurin travaille \u00e0 <\/em><strong><span style=\"color: #0000ff;\">Paris (75).<\/span><\/strong><\/p>\n<p><strong>D\u00e8s 1854<\/strong><em>, ils y sont ensemble.<\/em><\/p>\n<p><strong>\u00a0en 1861 et 1862<\/strong><em>, 9, rue des Bernardins, 5<sup>e<\/sup> arrondissement\u00a0;<\/em><\/p>\n<p><strong>\u00a0en 1868<\/strong><em>, 36, rue des Carmes, m\u00eame arrondissement.<\/em><\/p>\n<p><strong>\u00a0En 1888<\/strong><em>, ils sont retir\u00e9s au Beth, commune de \u00a0Chavanat.<\/em><\/p>\n<p><em>\u00a0<\/em><em>Mathurin y d\u00e9c\u00e8de le 13 f\u00e9vrier <\/em><strong>1895<\/strong><em>, \u00e2g\u00e9 de 74 ans<\/em><\/p>\n","protected":false},"excerpt":{"rendered":"<p>Mis \u00e0 jour le : 30\/04\/2026Mathurin SAVY 1820 \u2013 1895 ma\u00e7on et cultivateur n\u00e9 au Mazeau (Vidaillat) le 22 mars 1820 fils de Jacques SAVY \/ Catherine FANTON cultivateurs \u25d9 Mathurin \u00e9pouse Marie LAGRANGE le 6 f\u00e9vrier 1851 \u00e0 Saint-Pierre-le-Bost (mari\u00e9s sans contrat). Ils habitent d&rsquo;abord Gioux, commune de Saint-Pierre. En 1852, Mathurin travaille \u00e0 ..<\/p>\n<div class=\"clear-fix\"><\/div>\n<p><a href=\"https:\/\/www.lesmaconsdelacreuse.fr\/annuaires\/lettre-s\/s_224\/\" title=\"Lire la suite...\">Lire la suite<\/a><\/p>\n","protected":false},"author":2,"featured_media":0,"comment_status":"closed","ping_status":"closed","sticky":false,"template":"","format":"standard","meta":{"_acf_changed":false,"_exactmetrics_skip_tracking":false,"_exactmetrics_sitenote_active":false,"_exactmetrics_sitenote_note":"","_exactmetrics_sitenote_category":0,"footnotes":""},"categories":[12],"tags":[],"class_list":["post-4537","post","type-post","status-publish","format-standard","hentry","category-lettre-s"],"acf":[],"_links":{"self":[{"href":"https:\/\/www.lesmaconsdelacreuse.fr\/annuaires\/wp-json\/wp\/v2\/posts\/4537","targetHints":{"allow":["GET"]}}],"collection":[{"href":"https:\/\/www.lesmaconsdelacreuse.fr\/annuaires\/wp-json\/wp\/v2\/posts"}],"about":[{"href":"https:\/\/www.lesmaconsdelacreuse.fr\/annuaires\/wp-json\/wp\/v2\/types\/post"}],"author":[{"embeddable":true,"href":"https:\/\/www.lesmaconsdelacreuse.fr\/annuaires\/wp-json\/wp\/v2\/users\/2"}],"replies":[{"embeddable":true,"href":"https:\/\/www.lesmaconsdelacreuse.fr\/annuaires\/wp-json\/wp\/v2\/comments?post=4537"}],"version-history":[{"count":2,"href":"https:\/\/www.lesmaconsdelacreuse.fr\/annuaires\/wp-json\/wp\/v2\/posts\/4537\/revisions"}],"predecessor-version":[{"id":198528,"href":"https:\/\/www.lesmaconsdelacreuse.fr\/annuaires\/wp-json\/wp\/v2\/posts\/4537\/revisions\/198528"}],"wp:attachment":[{"href":"https:\/\/www.lesmaconsdelacreuse.fr\/annuaires\/wp-json\/wp\/v2\/media?parent=4537"}],"wp:term":[{"taxonomy":"category","embeddable":true,"href":"https:\/\/www.lesmaconsdelacreuse.fr\/annuaires\/wp-json\/wp\/v2\/categories?post=4537"},{"taxonomy":"post_tag","embeddable":true,"href":"https:\/\/www.lesmaconsdelacreuse.fr\/annuaires\/wp-json\/wp\/v2\/tags?post=4537"}],"curies":[{"name":"wp","href":"https:\/\/api.w.org\/{rel}","templated":true}]}}