{"id":4538,"date":"2019-07-28T12:11:57","date_gmt":"2019-07-28T10:11:57","guid":{"rendered":"http:\/\/lesmaconsdelacreuse.fr\/annuaire\/?p=4538"},"modified":"2021-07-15T09:00:48","modified_gmt":"2021-07-15T07:00:48","slug":"s_223","status":"publish","type":"post","link":"https:\/\/www.lesmaconsdelacreuse.fr\/annuaires\/lettre-s\/s_223\/","title":{"rendered":"SAVY L\u00e9onard (vers 1736-1784)"},"content":{"rendered":"<p class=\"last-updated\"><strong>Mis \u00e0 jour le :<\/strong> 30\/04\/2026<\/p><h2 style=\"text-align: center;\"><strong>L\u00e9onard SAVY<\/strong><\/h2>\n<p style=\"text-align: center;\"><strong>Fran\u00e7ois SAVY<\/strong><\/p>\n<p style=\"text-align: center;\"><strong>vers 1736 \u2013 1784<\/strong><\/p>\n<p style=\"text-align: center;\"><img decoding=\"async\" title=\"\" src=\"https:\/\/lesmaconsdelacreuse.fr\/annuaire\/wp-content\/uploads\/2019\/07\/image1-975.jpg\" alt=\"\" data-asset-id=\"4536\" data-source-id=\"i.0\" \/><\/p>\n<h4 style=\"text-align: center;\"><strong><span style=\"color: #008000;\">ma\u00e7on<\/span> <\/strong><span style=\"color: #008000;\">et<strong>\u00a0<\/strong><\/span><a href=\"https:\/\/www.lesmaconsdelacreuse.fr\/annuaires\/wp-content\/uploads\/2020\/08\/BORDIER.png\"><strong><span style=\"color: #008000;\">\u25babordier<\/span><\/strong><\/a><\/h4>\n<p>&nbsp;<\/p>\n<p style=\"text-align: center;\">n\u00e9 au Massadour (Saint-Pardoux-Lavaud)\u00a0?<\/p>\n<p style=\"text-align: center;\">vers 1736<\/p>\n<p style=\"text-align: center;\">fils de<\/p>\n<p style=\"text-align: center;\">Jean SAVY \/ Marie SIMONET<\/p>\n<p style=\"text-align: center;\">laboureurs<\/p>\n<p style=\"text-align: center;\"><span style=\"color: #ffffff;\">\u25d9<\/span><\/p>\n<p><em>L\u00e9onard \u00e9pouse Marie <\/em><strong>DUMONT<\/strong><em> le 26 janvier <\/em><strong>1762<\/strong><em> \u00e0 Saint-Junien-la-Breg\u00e8re.<\/em><\/p>\n<p><em> Ils habitent Le Massadour.<\/em><\/p>\n<p><em>L\u00e9onard y d\u00e9c\u00e8de le 22 mars <\/em><strong>1784<\/strong><em>, \u00e2g\u00e9 de 48 ans environ. <\/em><\/p>\n<p><em>Sa veuve se remarie en 1785 avec Gabriel BALLOUX, ma\u00e7on, et d\u00e9c\u00e8de \u00e0 La Cour-de-Rozet, paroisse de Saint-Pardoux, le 22 octobre 1792, \u00e2g\u00e9e de 60 ans environ. <\/em><\/p>\n<p>&nbsp;<\/p>\n","protected":false},"excerpt":{"rendered":"<p>Mis \u00e0 jour le : 30\/04\/2026L\u00e9onard SAVY Fran\u00e7ois SAVY vers 1736 \u2013 1784 ma\u00e7on et\u00a0\u25babordier &nbsp; n\u00e9 au Massadour (Saint-Pardoux-Lavaud)\u00a0? vers 1736 fils de Jean SAVY \/ Marie SIMONET laboureurs \u25d9 L\u00e9onard \u00e9pouse Marie DUMONT le 26 janvier 1762 \u00e0 Saint-Junien-la-Breg\u00e8re. Ils habitent Le Massadour. L\u00e9onard y d\u00e9c\u00e8de le 22 mars 1784, \u00e2g\u00e9 de 48 ..<\/p>\n<div class=\"clear-fix\"><\/div>\n<p><a href=\"https:\/\/www.lesmaconsdelacreuse.fr\/annuaires\/lettre-s\/s_223\/\" title=\"Lire la suite...\">Lire la suite<\/a><\/p>\n","protected":false},"author":2,"featured_media":0,"comment_status":"closed","ping_status":"closed","sticky":false,"template":"","format":"standard","meta":{"_acf_changed":false,"_exactmetrics_skip_tracking":false,"_exactmetrics_sitenote_active":false,"_exactmetrics_sitenote_note":"","_exactmetrics_sitenote_category":0,"footnotes":""},"categories":[12],"tags":[],"class_list":["post-4538","post","type-post","status-publish","format-standard","hentry","category-lettre-s"],"acf":[],"_links":{"self":[{"href":"https:\/\/www.lesmaconsdelacreuse.fr\/annuaires\/wp-json\/wp\/v2\/posts\/4538","targetHints":{"allow":["GET"]}}],"collection":[{"href":"https:\/\/www.lesmaconsdelacreuse.fr\/annuaires\/wp-json\/wp\/v2\/posts"}],"about":[{"href":"https:\/\/www.lesmaconsdelacreuse.fr\/annuaires\/wp-json\/wp\/v2\/types\/post"}],"author":[{"embeddable":true,"href":"https:\/\/www.lesmaconsdelacreuse.fr\/annuaires\/wp-json\/wp\/v2\/users\/2"}],"replies":[{"embeddable":true,"href":"https:\/\/www.lesmaconsdelacreuse.fr\/annuaires\/wp-json\/wp\/v2\/comments?post=4538"}],"version-history":[{"count":1,"href":"https:\/\/www.lesmaconsdelacreuse.fr\/annuaires\/wp-json\/wp\/v2\/posts\/4538\/revisions"}],"predecessor-version":[{"id":190326,"href":"https:\/\/www.lesmaconsdelacreuse.fr\/annuaires\/wp-json\/wp\/v2\/posts\/4538\/revisions\/190326"}],"wp:attachment":[{"href":"https:\/\/www.lesmaconsdelacreuse.fr\/annuaires\/wp-json\/wp\/v2\/media?parent=4538"}],"wp:term":[{"taxonomy":"category","embeddable":true,"href":"https:\/\/www.lesmaconsdelacreuse.fr\/annuaires\/wp-json\/wp\/v2\/categories?post=4538"},{"taxonomy":"post_tag","embeddable":true,"href":"https:\/\/www.lesmaconsdelacreuse.fr\/annuaires\/wp-json\/wp\/v2\/tags?post=4538"}],"curies":[{"name":"wp","href":"https:\/\/api.w.org\/{rel}","templated":true}]}}