{"id":4539,"date":"2019-07-28T12:11:57","date_gmt":"2019-07-28T10:11:57","guid":{"rendered":"http:\/\/lesmaconsdelacreuse.fr\/annuaire\/?p=4539"},"modified":"2022-06-08T10:42:47","modified_gmt":"2022-06-08T08:42:47","slug":"s_236","status":"publish","type":"post","link":"https:\/\/www.lesmaconsdelacreuse.fr\/annuaires\/lettre-s\/s_236\/","title":{"rendered":"SENY Jean (1871-1919)"},"content":{"rendered":"<p class=\"last-updated\"><strong>Mis \u00e0 jour le :<\/strong> 30\/04\/2026<\/p><h2 style=\"text-align: center;\"><strong>Jean SENY<\/strong><\/h2>\n<p style=\"text-align: center;\"><strong>1871 \u2013 1919<\/strong><\/p>\n<p><a href=\"https:\/\/www.lesmaconsdelacreuse.fr\/annuaires\/wp-content\/uploads\/2019\/07\/SENY-Jean-1871.jpg\"><img loading=\"lazy\" decoding=\"async\" class=\"size-full wp-image-200223 aligncenter\" src=\"https:\/\/www.lesmaconsdelacreuse.fr\/annuaires\/wp-content\/uploads\/2019\/07\/SENY-Jean-1871.jpg\" alt=\"\" width=\"186\" height=\"68\" srcset=\"https:\/\/www.lesmaconsdelacreuse.fr\/annuaires\/wp-content\/uploads\/2019\/07\/SENY-Jean-1871.jpg 186w, https:\/\/www.lesmaconsdelacreuse.fr\/annuaires\/wp-content\/uploads\/2019\/07\/SENY-Jean-1871-16x6.jpg 16w, https:\/\/www.lesmaconsdelacreuse.fr\/annuaires\/wp-content\/uploads\/2019\/07\/SENY-Jean-1871-150x55.jpg 150w\" sizes=\"auto, (max-width: 186px) 100vw, 186px\" \/><\/a><\/p>\n<h4 style=\"text-align: center;\"><span style=\"color: #008000;\"><strong>ma\u00e7on <\/strong>et<strong> cultivateur<\/strong><\/span><\/h4>\n<p style=\"text-align: center;\">n\u00e9 \u00e0 Buze (Saint-Pardoux-Lavaud)<\/p>\n<p style=\"text-align: center;\">le 21 septembre 1871<\/p>\n<p style=\"text-align: center;\">fils de<\/p>\n<p style=\"text-align: center;\">Fran\u00e7ois SENY, <span style=\"color: #008000;\"><strong>ma\u00e7on \/ <\/strong><\/span>Marie DUBREUIL<\/p>\n<p style=\"text-align: center;\">propri\u00e9taires cultivateurs<\/p>\n<p style=\"text-align: center;\"><span style=\"color: #ffffff;\">\u25d9<\/span><\/p>\n<p><strong>En 1892<\/strong><em>, Jean est dispens\u00e9 de service militaire comme engag\u00e9 volontaire au 1er r\u00e9giment de zouaves.<\/em><\/p>\n<p><em>Il \u00e9pouse Anne <\/em><strong>LAUZAT<\/strong><em> le 7 janvier <\/em><strong>1893<\/strong><em> \u00e0 Saint-Pardoux (contrat Va\u00efsse \u00e0 Bourganeuf). Ils habitent Le Mazeau, commune de Saint-Pardoux.<\/em><\/p>\n<p><strong>En 1897 et 1898<\/strong><em>, Jean est \u00e0 <\/em><span style=\"color: #0000ff;\"><strong>Alfortville (94)<\/strong><\/span><em>\u00a0;<\/em><\/p>\n<p><strong>en 1899<\/strong><em>, \u00e0 <\/em><span style=\"color: #0000ff;\"><strong>Lyon (69)<\/strong><\/span><em><span style=\"color: #0000ff;\">,<\/span> 3, rue B\u00e9chevelin\u00a0;<\/em><\/p>\n<p><strong>en 1900<\/strong><em>, 79, rue Gorge de Loup, \u00e0 Lyon, puis \u00e0 <\/em><span style=\"color: #0000ff;\"><strong>Paris (75)<\/strong><\/span><em>, 320, rue Saint-Jacques\u00a0;<\/em><\/p>\n<p><strong>en 1903<\/strong><em>, rue Saint-Hippolyte, toujours \u00e0 Paris.<\/em><\/p>\n<p><em>Les \u00e9poux d\u00e9c\u00e8dent\u00a0:<\/em><\/p>\n<ul>\n<li><em>Anne, au Mazeau, le 17 mai <\/em><strong>1916<\/strong><em>, \u00e2g\u00e9e de 46 ans<\/em><\/li>\n<li><em>Jean, \u00e0 Malakoff (92), le 23 mars <\/em><strong>1919<\/strong><em>, \u00e2g\u00e9 de 47 ans<\/em><\/li>\n<\/ul>\n","protected":false},"excerpt":{"rendered":"<p>Mis \u00e0 jour le : 30\/04\/2026Jean SENY 1871 \u2013 1919 ma\u00e7on et cultivateur n\u00e9 \u00e0 Buze (Saint-Pardoux-Lavaud) le 21 septembre 1871 fils de Fran\u00e7ois SENY, ma\u00e7on \/ Marie DUBREUIL propri\u00e9taires cultivateurs \u25d9 En 1892, Jean est dispens\u00e9 de service militaire comme engag\u00e9 volontaire au 1er r\u00e9giment de zouaves. Il \u00e9pouse Anne LAUZAT le 7 janvier ..<\/p>\n<div class=\"clear-fix\"><\/div>\n<p><a href=\"https:\/\/www.lesmaconsdelacreuse.fr\/annuaires\/lettre-s\/s_236\/\" title=\"Lire la suite...\">Lire la suite<\/a><\/p>\n","protected":false},"author":2,"featured_media":0,"comment_status":"closed","ping_status":"closed","sticky":false,"template":"","format":"standard","meta":{"_acf_changed":false,"_exactmetrics_skip_tracking":false,"_exactmetrics_sitenote_active":false,"_exactmetrics_sitenote_note":"","_exactmetrics_sitenote_category":0,"footnotes":""},"categories":[12],"tags":[],"class_list":["post-4539","post","type-post","status-publish","format-standard","hentry","category-lettre-s"],"acf":[],"_links":{"self":[{"href":"https:\/\/www.lesmaconsdelacreuse.fr\/annuaires\/wp-json\/wp\/v2\/posts\/4539","targetHints":{"allow":["GET"]}}],"collection":[{"href":"https:\/\/www.lesmaconsdelacreuse.fr\/annuaires\/wp-json\/wp\/v2\/posts"}],"about":[{"href":"https:\/\/www.lesmaconsdelacreuse.fr\/annuaires\/wp-json\/wp\/v2\/types\/post"}],"author":[{"embeddable":true,"href":"https:\/\/www.lesmaconsdelacreuse.fr\/annuaires\/wp-json\/wp\/v2\/users\/2"}],"replies":[{"embeddable":true,"href":"https:\/\/www.lesmaconsdelacreuse.fr\/annuaires\/wp-json\/wp\/v2\/comments?post=4539"}],"version-history":[{"count":1,"href":"https:\/\/www.lesmaconsdelacreuse.fr\/annuaires\/wp-json\/wp\/v2\/posts\/4539\/revisions"}],"predecessor-version":[{"id":200224,"href":"https:\/\/www.lesmaconsdelacreuse.fr\/annuaires\/wp-json\/wp\/v2\/posts\/4539\/revisions\/200224"}],"wp:attachment":[{"href":"https:\/\/www.lesmaconsdelacreuse.fr\/annuaires\/wp-json\/wp\/v2\/media?parent=4539"}],"wp:term":[{"taxonomy":"category","embeddable":true,"href":"https:\/\/www.lesmaconsdelacreuse.fr\/annuaires\/wp-json\/wp\/v2\/categories?post=4539"},{"taxonomy":"post_tag","embeddable":true,"href":"https:\/\/www.lesmaconsdelacreuse.fr\/annuaires\/wp-json\/wp\/v2\/tags?post=4539"}],"curies":[{"name":"wp","href":"https:\/\/api.w.org\/{rel}","templated":true}]}}