{"id":4544,"date":"2019-07-28T12:11:57","date_gmt":"2019-07-28T10:11:57","guid":{"rendered":"http:\/\/lesmaconsdelacreuse.fr\/annuaire\/?p=4544"},"modified":"2022-04-30T20:11:19","modified_gmt":"2022-04-30T18:11:19","slug":"s_189","status":"publish","type":"post","link":"https:\/\/www.lesmaconsdelacreuse.fr\/annuaires\/lettre-s\/s_189\/","title":{"rendered":"SAUVANAUD Jean (1816-1895)"},"content":{"rendered":"<p class=\"last-updated\"><strong>Mis \u00e0 jour le :<\/strong> 30\/04\/2026<\/p><h2 style=\"text-align: center;\"><strong>Jean SAUVANAUD<\/strong><\/h2>\n<p style=\"text-align: center;\"><strong>1816 \u2013 1895<\/strong><\/p>\n<h4 style=\"text-align: center;\"><span style=\"color: #008000;\"><strong>ma\u00e7on<\/strong><\/span><\/h4>\n<p>&nbsp;<\/p>\n<p style=\"text-align: center;\">n\u00e9 \u00e0 La Vergne (Le Monteil-au-Vicomte)<\/p>\n<p style=\"text-align: center;\">le 6 f\u00e9vrier 1816<\/p>\n<p style=\"text-align: center;\">fils de<\/p>\n<p style=\"text-align: center;\">Gabriel SAUVANAUD, <span style=\"color: #008000;\"><strong>ma\u00e7on<\/strong><\/span> et \u25ba<a href=\"https:\/\/www.lesmaconsdelacreuse.fr\/annuaires\/wp-content\/uploads\/2020\/08\/SCIEUR-DE-LONG.png\" target=\"_blank\" rel=\"noopener noreferrer\">scieur de long<\/a><\/p>\n<p style=\"text-align: center;\">Marie DELOUIS, cultivatrice<\/p>\n<p style=\"text-align: center;\"><span style=\"color: #ffffff;\">\u25d9<\/span><\/p>\n<p><strong>En 1837<\/strong><em>, Jean est dispens\u00e9 de service militaire, ayant un fr\u00e8re sous les drapeaux.<\/em><\/p>\n<p><em>Il \u00e9pouse D\u00e9sir\u00e9 Jos\u00e9phine <\/em><strong>AUBRY<\/strong><em> le 4 d\u00e9cembre <\/em><strong>1847<\/strong><em> \u00e0 Paris 4e (\u00e9tat civil reconstitu\u00e9).<\/em><\/p>\n<p><strong>En 1849 et 1850<\/strong><em>, ils habitent la paroisse Saint-Gervais.<\/em><\/p>\n<p><em>Jean d\u00e9c\u00e8de au domicile conjugal, \u00e0 Paris 15e le 12 janvier <\/em><strong>1895<\/strong><em>, \u00e2g\u00e9 de 78 ans.<\/em><\/p>\n<p>&nbsp;<\/p>\n","protected":false},"excerpt":{"rendered":"<p>Mis \u00e0 jour le : 30\/04\/2026Jean SAUVANAUD 1816 \u2013 1895 ma\u00e7on &nbsp; n\u00e9 \u00e0 La Vergne (Le Monteil-au-Vicomte) le 6 f\u00e9vrier 1816 fils de Gabriel SAUVANAUD, ma\u00e7on et \u25bascieur de long Marie DELOUIS, cultivatrice \u25d9 En 1837, Jean est dispens\u00e9 de service militaire, ayant un fr\u00e8re sous les drapeaux. Il \u00e9pouse D\u00e9sir\u00e9 Jos\u00e9phine AUBRY le ..<\/p>\n<div class=\"clear-fix\"><\/div>\n<p><a href=\"https:\/\/www.lesmaconsdelacreuse.fr\/annuaires\/lettre-s\/s_189\/\" title=\"Lire la suite...\">Lire la suite<\/a><\/p>\n","protected":false},"author":2,"featured_media":0,"comment_status":"closed","ping_status":"closed","sticky":false,"template":"","format":"standard","meta":{"_acf_changed":false,"_exactmetrics_skip_tracking":false,"_exactmetrics_sitenote_active":false,"_exactmetrics_sitenote_note":"","_exactmetrics_sitenote_category":0,"footnotes":""},"categories":[12],"tags":[],"class_list":["post-4544","post","type-post","status-publish","format-standard","hentry","category-lettre-s"],"acf":[],"_links":{"self":[{"href":"https:\/\/www.lesmaconsdelacreuse.fr\/annuaires\/wp-json\/wp\/v2\/posts\/4544","targetHints":{"allow":["GET"]}}],"collection":[{"href":"https:\/\/www.lesmaconsdelacreuse.fr\/annuaires\/wp-json\/wp\/v2\/posts"}],"about":[{"href":"https:\/\/www.lesmaconsdelacreuse.fr\/annuaires\/wp-json\/wp\/v2\/types\/post"}],"author":[{"embeddable":true,"href":"https:\/\/www.lesmaconsdelacreuse.fr\/annuaires\/wp-json\/wp\/v2\/users\/2"}],"replies":[{"embeddable":true,"href":"https:\/\/www.lesmaconsdelacreuse.fr\/annuaires\/wp-json\/wp\/v2\/comments?post=4544"}],"version-history":[{"count":2,"href":"https:\/\/www.lesmaconsdelacreuse.fr\/annuaires\/wp-json\/wp\/v2\/posts\/4544\/revisions"}],"predecessor-version":[{"id":198526,"href":"https:\/\/www.lesmaconsdelacreuse.fr\/annuaires\/wp-json\/wp\/v2\/posts\/4544\/revisions\/198526"}],"wp:attachment":[{"href":"https:\/\/www.lesmaconsdelacreuse.fr\/annuaires\/wp-json\/wp\/v2\/media?parent=4544"}],"wp:term":[{"taxonomy":"category","embeddable":true,"href":"https:\/\/www.lesmaconsdelacreuse.fr\/annuaires\/wp-json\/wp\/v2\/categories?post=4544"},{"taxonomy":"post_tag","embeddable":true,"href":"https:\/\/www.lesmaconsdelacreuse.fr\/annuaires\/wp-json\/wp\/v2\/tags?post=4544"}],"curies":[{"name":"wp","href":"https:\/\/api.w.org\/{rel}","templated":true}]}}