{"id":4549,"date":"2019-07-28T12:11:57","date_gmt":"2019-07-28T10:11:57","guid":{"rendered":"http:\/\/lesmaconsdelacreuse.fr\/annuaire\/?p=4549"},"modified":"2020-10-14T10:42:38","modified_gmt":"2020-10-14T08:42:38","slug":"s_237","status":"publish","type":"post","link":"https:\/\/www.lesmaconsdelacreuse.fr\/annuaires\/lettre-s\/s_237\/","title":{"rendered":"SENY Jean-Baptiste Fran\u00e7ois (1856-1918)"},"content":{"rendered":"<p class=\"last-updated\"><strong>Mis \u00e0 jour le :<\/strong> 30\/04\/2026<\/p><h2 style=\"text-align: center;\"><strong>J<\/strong><strong>ean-Baptiste Fran\u00e7ois SENY<\/strong><\/h2>\n<p style=\"text-align: center;\"><strong>Jean SENY<\/strong><\/p>\n<p style=\"text-align: center;\"><strong>1856 \u2013 1918<\/strong><\/p>\n<p style=\"text-align: center;\"><img decoding=\"async\" title=\"\" src=\"https:\/\/lesmaconsdelacreuse.fr\/annuaire\/wp-content\/uploads\/2019\/07\/image1-976.jpg\" alt=\"\" data-asset-id=\"4540\" data-source-id=\"i.0\" \/><\/p>\n<h4 style=\"text-align: center;\"><strong><span style=\"color: #008000;\">\u25ba\u00a0<a href=\"https:\/\/www.lesmaconsdelacreuse.fr\/annuaires\/wp-content\/uploads\/2020\/07\/MA\u00ceTRE-MA\u00c7ON.png\" target=\"_blank\" rel=\"noopener noreferrer\"><span style=\"color: #008000;\">ma\u00eetre ma\u00e7on<\/span><\/a><\/span><\/strong><\/h4>\n<p>&nbsp;<\/p>\n<p style=\"text-align: center;\">n\u00e9 \u00e0 Buze (Saint-Pardoux-Lavaud)<\/p>\n<p style=\"text-align: center;\">le 19 mars 1856<\/p>\n<p style=\"text-align: center;\">fils de<\/p>\n<p style=\"text-align: center;\">L\u00e9onard SENY, <span style=\"color: #008000;\"><strong>ma\u00e7on<\/strong><\/span> et mar\u00e9chal-ferrant<\/p>\n<p style=\"text-align: center;\">Th\u00e9r\u00e8se LANDON<\/p>\n<p style=\"text-align: center;\">propri\u00e9taires cultivateurs<\/p>\n<p style=\"text-align: center;\"><span style=\"color: #ffffff;\">\u25d9<\/span><\/p>\n<p><strong>En 1877<\/strong><em>, Jean, <\/em><span style=\"color: #008000;\"><strong>ma\u00e7on<\/strong><\/span><em>, passe le conseil de r\u00e9vision\u00a0; il est exempt\u00e9 de service militaire pour d\u00e9veloppement insuffisant.<\/em><\/p>\n<p><em>Il \u00e9pouse Louise <\/em><strong>LENOIR <\/strong><em>le 4 f\u00e9vrier <\/em><strong>1882<\/strong><em> \u00e0 Saint-Pardoux (contrat Va\u00efsse \u00e0 Bourganeuf). Ils habitent d\u2019abord Buze.<\/em><\/p>\n<p><strong>En 1885 et 1886<\/strong><em>, ils sont \u00e0 <\/em><span style=\"color: #0000ff;\"><strong>Lyon (69)<\/strong><\/span><em> habitant Lyon-Vaise, 7, rue Dumas\u00a0; <\/em><\/p>\n<p><strong>en 1892<\/strong><em>, 11, rue de Turenne\u00a0;<\/em><\/p>\n<p><strong>en 1918<\/strong><em>, ils sont \u00e0 <\/em><span style=\"color: #0000ff;\"><strong>Brignais (69)<\/strong><\/span><em>, quartier La P\u00e9rouse, et Jean est <\/em><span style=\"color: #008000;\"><strong>ma\u00eetre-ma\u00e7on<\/strong><em>.<\/em><\/span><\/p>\n<p><em>Jean d\u00e9c\u00e8de \u00e0 cette adresse le 7 octobre de la m\u00eame ann\u00e9e, \u00e2g\u00e9 de 62 ans.<\/em><\/p>\n<p><strong>\u00a0<\/strong><span style=\"color: #ffffff;\">\u25d9<\/span><\/p>\n","protected":false},"excerpt":{"rendered":"<p>Mis \u00e0 jour le : 30\/04\/2026Jean-Baptiste Fran\u00e7ois SENY Jean SENY 1856 \u2013 1918 \u25ba\u00a0ma\u00eetre ma\u00e7on &nbsp; n\u00e9 \u00e0 Buze (Saint-Pardoux-Lavaud) le 19 mars 1856 fils de L\u00e9onard SENY, ma\u00e7on et mar\u00e9chal-ferrant Th\u00e9r\u00e8se LANDON propri\u00e9taires cultivateurs \u25d9 En 1877, Jean, ma\u00e7on, passe le conseil de r\u00e9vision\u00a0; il est exempt\u00e9 de service militaire pour d\u00e9veloppement insuffisant. Il ..<\/p>\n<div class=\"clear-fix\"><\/div>\n<p><a href=\"https:\/\/www.lesmaconsdelacreuse.fr\/annuaires\/lettre-s\/s_237\/\" title=\"Lire la suite...\">Lire la suite<\/a><\/p>\n","protected":false},"author":2,"featured_media":0,"comment_status":"closed","ping_status":"closed","sticky":false,"template":"","format":"standard","meta":{"_acf_changed":false,"_exactmetrics_skip_tracking":false,"_exactmetrics_sitenote_active":false,"_exactmetrics_sitenote_note":"","_exactmetrics_sitenote_category":0,"footnotes":""},"categories":[12],"tags":[],"class_list":["post-4549","post","type-post","status-publish","format-standard","hentry","category-lettre-s"],"acf":[],"_links":{"self":[{"href":"https:\/\/www.lesmaconsdelacreuse.fr\/annuaires\/wp-json\/wp\/v2\/posts\/4549","targetHints":{"allow":["GET"]}}],"collection":[{"href":"https:\/\/www.lesmaconsdelacreuse.fr\/annuaires\/wp-json\/wp\/v2\/posts"}],"about":[{"href":"https:\/\/www.lesmaconsdelacreuse.fr\/annuaires\/wp-json\/wp\/v2\/types\/post"}],"author":[{"embeddable":true,"href":"https:\/\/www.lesmaconsdelacreuse.fr\/annuaires\/wp-json\/wp\/v2\/users\/2"}],"replies":[{"embeddable":true,"href":"https:\/\/www.lesmaconsdelacreuse.fr\/annuaires\/wp-json\/wp\/v2\/comments?post=4549"}],"version-history":[{"count":0,"href":"https:\/\/www.lesmaconsdelacreuse.fr\/annuaires\/wp-json\/wp\/v2\/posts\/4549\/revisions"}],"wp:attachment":[{"href":"https:\/\/www.lesmaconsdelacreuse.fr\/annuaires\/wp-json\/wp\/v2\/media?parent=4549"}],"wp:term":[{"taxonomy":"category","embeddable":true,"href":"https:\/\/www.lesmaconsdelacreuse.fr\/annuaires\/wp-json\/wp\/v2\/categories?post=4549"},{"taxonomy":"post_tag","embeddable":true,"href":"https:\/\/www.lesmaconsdelacreuse.fr\/annuaires\/wp-json\/wp\/v2\/tags?post=4549"}],"curies":[{"name":"wp","href":"https:\/\/api.w.org\/{rel}","templated":true}]}}