{"id":4552,"date":"2019-07-28T12:11:57","date_gmt":"2019-07-28T10:11:57","guid":{"rendered":"http:\/\/lesmaconsdelacreuse.fr\/annuaire\/?p=4552"},"modified":"2020-09-28T08:05:14","modified_gmt":"2020-09-28T06:05:14","slug":"s_234","status":"publish","type":"post","link":"https:\/\/www.lesmaconsdelacreuse.fr\/annuaires\/lettre-s\/s_234\/","title":{"rendered":"SENY Fran\u00e7ois (1861-apr\u00e8s 1907)"},"content":{"rendered":"<p class=\"last-updated\"><strong>Mis \u00e0 jour le :<\/strong> 30\/04\/2026<\/p><h2 style=\"text-align: center;\"><strong>Fran\u00e7ois SENY<\/strong><\/h2>\n<p style=\"text-align: center;\"><strong>1861 \u2013 apr\u00e8s 1907<\/strong><\/p>\n<p style=\"text-align: center;\"><img decoding=\"async\" title=\"\" src=\"https:\/\/lesmaconsdelacreuse.fr\/annuaire\/wp-content\/uploads\/2019\/07\/image1-979.jpg\" alt=\"\" data-asset-id=\"4551\" data-source-id=\"i.0\" \/><\/p>\n<h4 style=\"text-align: center;\"><span style=\"color: #008000;\"><strong>ma\u00e7on<\/strong> et <strong>mar\u00e9chal-ferrant<\/strong><\/span><\/h4>\n<p>&nbsp;<\/p>\n<p style=\"text-align: center;\">n\u00e9 \u00e0 Buze (Saint-Pardoux-Lavaud)<\/p>\n<p style=\"text-align: center;\">le 2 f\u00e9vrier 1861<\/p>\n<p style=\"text-align: center;\">fils de<\/p>\n<p style=\"text-align: center;\">L\u00e9onard SENY,<span style=\"color: #008000;\"> <strong>ma\u00e7on<\/strong><\/span> et mar\u00e9chal-ferrant<\/p>\n<p style=\"text-align: center;\">Th\u00e9r\u00e8se LANDON<\/p>\n<p style=\"text-align: center;\">propri\u00e9taires cultivateurs<\/p>\n<p style=\"text-align: center;\"><span style=\"color: #ffffff;\">\u25d9<\/span><\/p>\n<p><strong>En 1881<\/strong><em>, Fran\u00e7ois est <\/em><span style=\"color: #008000;\"><strong>mar\u00e9chal-ferrant<\/strong><\/span><em>.<\/em><\/p>\n<p><em>Il travaille \u00e0 <\/em><span style=\"color: #0000ff;\"><strong>Lyon (69)<\/strong><\/span><em> comme <\/em><span style=\"color: #008000;\"><strong>ma\u00e7on<\/strong><\/span><em>.<\/em><\/p>\n<p><strong>En 1887<\/strong><em>, il loge 20, rue des Tuileries;<\/em><\/p>\n<p><strong>en 1890<\/strong><em>, 3, rue Villeroi;<\/em><\/p>\n<p><strong>en 1895<\/strong><em>, 265, rue Vend\u00f4me.<\/em><\/p>\n<p><strong>En 1896<\/strong><em>, il est r\u00e9form\u00e9 pour cause de hernies.<\/em><\/p>\n<p><strong>En 1900<\/strong><em>, il est \u00e0 <\/em><span style=\"color: #0000ff;\"><strong>Saint-Germain-au-Mont-d\u2019Or (69)<\/strong><\/span><em>.<\/em><\/p>\n<p><em>Il y \u00e9pouse le 11 juillet de la m\u00eame ann\u00e9e, Catherine <\/em><strong>VERGNAUD<\/strong><em>, <strong>\u25ba<\/strong><a href=\"https:\/\/www.lesmaconsdelacreuse.fr\/annuaires\/wp-content\/uploads\/2020\/08\/LING\u00c8RE.png\" target=\"_blank\" rel=\"noopener noreferrer\">ling\u00e8re<\/a> (contrat Rollet). <\/em><\/p>\n<p>&nbsp;<\/p>\n","protected":false},"excerpt":{"rendered":"<p>Mis \u00e0 jour le : 30\/04\/2026Fran\u00e7ois SENY 1861 \u2013 apr\u00e8s 1907 ma\u00e7on et mar\u00e9chal-ferrant &nbsp; n\u00e9 \u00e0 Buze (Saint-Pardoux-Lavaud) le 2 f\u00e9vrier 1861 fils de L\u00e9onard SENY, ma\u00e7on et mar\u00e9chal-ferrant Th\u00e9r\u00e8se LANDON propri\u00e9taires cultivateurs \u25d9 En 1881, Fran\u00e7ois est mar\u00e9chal-ferrant. Il travaille \u00e0 Lyon (69) comme ma\u00e7on. En 1887, il loge 20, rue des Tuileries; ..<\/p>\n<div class=\"clear-fix\"><\/div>\n<p><a href=\"https:\/\/www.lesmaconsdelacreuse.fr\/annuaires\/lettre-s\/s_234\/\" title=\"Lire la suite...\">Lire la suite<\/a><\/p>\n","protected":false},"author":2,"featured_media":0,"comment_status":"closed","ping_status":"closed","sticky":false,"template":"","format":"standard","meta":{"_acf_changed":false,"_exactmetrics_skip_tracking":false,"_exactmetrics_sitenote_active":false,"_exactmetrics_sitenote_note":"","_exactmetrics_sitenote_category":0,"footnotes":""},"categories":[12],"tags":[],"class_list":["post-4552","post","type-post","status-publish","format-standard","hentry","category-lettre-s"],"acf":[],"_links":{"self":[{"href":"https:\/\/www.lesmaconsdelacreuse.fr\/annuaires\/wp-json\/wp\/v2\/posts\/4552","targetHints":{"allow":["GET"]}}],"collection":[{"href":"https:\/\/www.lesmaconsdelacreuse.fr\/annuaires\/wp-json\/wp\/v2\/posts"}],"about":[{"href":"https:\/\/www.lesmaconsdelacreuse.fr\/annuaires\/wp-json\/wp\/v2\/types\/post"}],"author":[{"embeddable":true,"href":"https:\/\/www.lesmaconsdelacreuse.fr\/annuaires\/wp-json\/wp\/v2\/users\/2"}],"replies":[{"embeddable":true,"href":"https:\/\/www.lesmaconsdelacreuse.fr\/annuaires\/wp-json\/wp\/v2\/comments?post=4552"}],"version-history":[{"count":0,"href":"https:\/\/www.lesmaconsdelacreuse.fr\/annuaires\/wp-json\/wp\/v2\/posts\/4552\/revisions"}],"wp:attachment":[{"href":"https:\/\/www.lesmaconsdelacreuse.fr\/annuaires\/wp-json\/wp\/v2\/media?parent=4552"}],"wp:term":[{"taxonomy":"category","embeddable":true,"href":"https:\/\/www.lesmaconsdelacreuse.fr\/annuaires\/wp-json\/wp\/v2\/categories?post=4552"},{"taxonomy":"post_tag","embeddable":true,"href":"https:\/\/www.lesmaconsdelacreuse.fr\/annuaires\/wp-json\/wp\/v2\/tags?post=4552"}],"curies":[{"name":"wp","href":"https:\/\/api.w.org\/{rel}","templated":true}]}}