{"id":4556,"date":"2019-07-28T12:11:57","date_gmt":"2019-07-28T10:11:57","guid":{"rendered":"http:\/\/lesmaconsdelacreuse.fr\/annuaire\/?p=4556"},"modified":"2020-09-17T10:35:06","modified_gmt":"2020-09-17T08:35:06","slug":"s_239","status":"publish","type":"post","link":"https:\/\/www.lesmaconsdelacreuse.fr\/annuaires\/lettre-s\/s_239\/","title":{"rendered":"SENY L\u00e9onard (1874-1950)"},"content":{"rendered":"<p class=\"last-updated\"><strong>Mis \u00e0 jour le :<\/strong> 30\/04\/2026<\/p><h2 style=\"text-align: center;\"><strong>L\u00e9onard SENY<\/strong><\/h2>\n<p style=\"text-align: center;\"><strong>1874 \u2013 1950<\/strong><\/p>\n<p style=\"text-align: center;\"><a href=\"https:\/\/www.lesmaconsdelacreuse.fr\/annuaires\/wp-content\/uploads\/2019\/07\/seny-Leo.jpg\"><img loading=\"lazy\" decoding=\"async\" class=\"alignnone size-medium wp-image-178894\" src=\"https:\/\/www.lesmaconsdelacreuse.fr\/annuaires\/wp-content\/uploads\/2019\/07\/seny-Leo-300x64.jpg\" alt=\"\" width=\"300\" height=\"64\" srcset=\"https:\/\/www.lesmaconsdelacreuse.fr\/annuaires\/wp-content\/uploads\/2019\/07\/seny-Leo-300x64.jpg 300w, https:\/\/www.lesmaconsdelacreuse.fr\/annuaires\/wp-content\/uploads\/2019\/07\/seny-Leo-150x32.jpg 150w, https:\/\/www.lesmaconsdelacreuse.fr\/annuaires\/wp-content\/uploads\/2019\/07\/seny-Leo.jpg 361w\" sizes=\"auto, (max-width: 300px) 100vw, 300px\" \/><\/a><\/p>\n<p>&nbsp;<\/p>\n<h4 style=\"text-align: center;\"><span style=\"color: #008000;\"><strong>ma\u00e7on<\/strong> puis <strong>plombier<\/strong>; <strong>meunier<\/strong><\/span><\/h4>\n<p style=\"text-align: center;\">n\u00e9 \u00e0 Buze (Saint-Pardoux-Lavaud)<\/p>\n<p style=\"text-align: center;\">le 23 octobre 1874<\/p>\n<p style=\"text-align: center;\">fils de<\/p>\n<p style=\"text-align: center;\">L\u00e9onard SENY, <span style=\"color: #008000;\"><strong>ma\u00e7on<\/strong><\/span> et mar\u00e9chal-ferrant<\/p>\n<p style=\"text-align: center;\">Th\u00e9r\u00e8se LANDON<\/p>\n<p style=\"text-align: center;\">propri\u00e9taires cultivateurs<\/p>\n<p style=\"text-align: center;\"><span style=\"color: #ffffff;\">\u25d9<\/span><\/p>\n<p><strong>En 1895<\/strong><em>, L\u00e9onard travaille dans le <\/em><span style=\"color: #0000ff;\"><strong>Rh\u00f4ne <\/strong><\/span><em>et y passe le conseil de r\u00e9vision Il est dispens\u00e9 de service militaire, ayant un fr\u00e8re sous les drapeaux.<\/em><\/p>\n<p><strong>En 1898<\/strong><em>, il r\u00e9side \u00e0 <\/em><span style=\"color: #0000ff;\"><strong>Brignais (69)<\/strong><\/span><em>.<\/em><\/p>\n<p><em> Il \u00e9pouse Marie M\u00e9lanie <\/em><strong>LENOIR <\/strong><em>le 9 f\u00e9vrier <\/em><strong>1899<\/strong><em> \u00e0 Roy\u00e8re (contrat Toumieux). <\/em><\/p>\n<p><em>La m\u00eame ann\u00e9e, il est \u00e0 <\/em><span style=\"color: #0000ff;\"><strong>Lyon (69)<\/strong><\/span><em>, 249, rue de Cr\u00e9qui. <\/em><\/p>\n<p><strong>En 1903<\/strong><em>, le couple est \u00e0 Lyon 3e, et habite 93, rue Paul Bert\u00a0;<\/em><\/p>\n<p><strong>en 1905<\/strong><em>, 28, rue Villeroi\u00a0;<\/em><\/p>\n<p><strong>en 1906<\/strong><em>, 48, rue Ferrandi\u00e8re. <\/em><\/p>\n<p><em>Ils d\u00e9c\u00e8dent\u00a0:<\/em><\/p>\n<ul>\n<li><em>L\u00e9onard, \u00e0 Buze, le 26 octobre <\/em><strong>1950<\/strong><em>, \u00e2g\u00e9 de 76 ans<\/em><\/li>\n<li><em>Marie, bien que domicili\u00e9e \u00e0 Buze, \u00e0 Lyon 7e le 3 janvier <\/em><strong>1957<\/strong><em>, \u00e2g\u00e9e de 80 ans, 303, rue Garibaldi<\/em><\/li>\n<\/ul>\n<p>&nbsp;<\/p>\n","protected":false},"excerpt":{"rendered":"<p>Mis \u00e0 jour le : 30\/04\/2026L\u00e9onard SENY 1874 \u2013 1950 &nbsp; ma\u00e7on puis plombier; meunier n\u00e9 \u00e0 Buze (Saint-Pardoux-Lavaud) le 23 octobre 1874 fils de L\u00e9onard SENY, ma\u00e7on et mar\u00e9chal-ferrant Th\u00e9r\u00e8se LANDON propri\u00e9taires cultivateurs \u25d9 En 1895, L\u00e9onard travaille dans le Rh\u00f4ne et y passe le conseil de r\u00e9vision Il est dispens\u00e9 de service militaire, ..<\/p>\n<div class=\"clear-fix\"><\/div>\n<p><a href=\"https:\/\/www.lesmaconsdelacreuse.fr\/annuaires\/lettre-s\/s_239\/\" title=\"Lire la suite...\">Lire la suite<\/a><\/p>\n","protected":false},"author":2,"featured_media":0,"comment_status":"closed","ping_status":"closed","sticky":false,"template":"","format":"standard","meta":{"_acf_changed":false,"_exactmetrics_skip_tracking":false,"_exactmetrics_sitenote_active":false,"_exactmetrics_sitenote_note":"","_exactmetrics_sitenote_category":0,"footnotes":""},"categories":[12],"tags":[],"class_list":["post-4556","post","type-post","status-publish","format-standard","hentry","category-lettre-s"],"acf":[],"_links":{"self":[{"href":"https:\/\/www.lesmaconsdelacreuse.fr\/annuaires\/wp-json\/wp\/v2\/posts\/4556","targetHints":{"allow":["GET"]}}],"collection":[{"href":"https:\/\/www.lesmaconsdelacreuse.fr\/annuaires\/wp-json\/wp\/v2\/posts"}],"about":[{"href":"https:\/\/www.lesmaconsdelacreuse.fr\/annuaires\/wp-json\/wp\/v2\/types\/post"}],"author":[{"embeddable":true,"href":"https:\/\/www.lesmaconsdelacreuse.fr\/annuaires\/wp-json\/wp\/v2\/users\/2"}],"replies":[{"embeddable":true,"href":"https:\/\/www.lesmaconsdelacreuse.fr\/annuaires\/wp-json\/wp\/v2\/comments?post=4556"}],"version-history":[{"count":0,"href":"https:\/\/www.lesmaconsdelacreuse.fr\/annuaires\/wp-json\/wp\/v2\/posts\/4556\/revisions"}],"wp:attachment":[{"href":"https:\/\/www.lesmaconsdelacreuse.fr\/annuaires\/wp-json\/wp\/v2\/media?parent=4556"}],"wp:term":[{"taxonomy":"category","embeddable":true,"href":"https:\/\/www.lesmaconsdelacreuse.fr\/annuaires\/wp-json\/wp\/v2\/categories?post=4556"},{"taxonomy":"post_tag","embeddable":true,"href":"https:\/\/www.lesmaconsdelacreuse.fr\/annuaires\/wp-json\/wp\/v2\/tags?post=4556"}],"curies":[{"name":"wp","href":"https:\/\/api.w.org\/{rel}","templated":true}]}}