{"id":4557,"date":"2019-07-28T12:11:57","date_gmt":"2019-07-28T10:11:57","guid":{"rendered":"http:\/\/lesmaconsdelacreuse.fr\/annuaire\/?p=4557"},"modified":"2022-05-01T11:34:17","modified_gmt":"2022-05-01T09:34:17","slug":"s_225","status":"publish","type":"post","link":"https:\/\/www.lesmaconsdelacreuse.fr\/annuaires\/lettre-s\/s_225\/","title":{"rendered":"SAVY Michel (1824-1904)"},"content":{"rendered":"<p class=\"last-updated\"><strong>Mis \u00e0 jour le :<\/strong> 30\/04\/2026<\/p><h2 style=\"text-align: center;\"><strong>Michel SAVY<\/strong><\/h2>\n<p style=\"text-align: center;\"><strong>1824 \u2013 1904<\/strong><\/p>\n<p style=\"text-align: center;\"><img decoding=\"async\" title=\"\" src=\"https:\/\/lesmaconsdelacreuse.fr\/annuaire\/wp-content\/uploads\/2019\/07\/image1-980.jpg\" alt=\"\" data-asset-id=\"4553\" data-source-id=\"i.0\" \/><\/p>\n<h4 style=\"text-align: center;\"><span style=\"color: #008000;\"><strong>ma\u00e7on<\/strong><\/span><\/h4>\n<p style=\"text-align: center;\">n\u00e9 \u00e0 La Chassagne (Saint-Junien-la-Breg\u00e8re)<\/p>\n<p style=\"text-align: center;\">le 2 septembre 1824<\/p>\n<p style=\"text-align: center;\">fils de<\/p>\n<p style=\"text-align: center;\">Jean SAVY \/ Anne LAGRANGE<\/p>\n<p style=\"text-align: center;\">cultivateurs<\/p>\n<p style=\"text-align: center;\"><span style=\"color: #ffffff;\">\u25d9<\/span><\/p>\n<p><em>Michel \u00e9pouse Marguerite <\/em><strong>CULOTTE<\/strong><em> le 23 janvier <\/em><strong>1849<\/strong><em> \u00e0 Saint-Junien.<\/em> <em>Ils habitent d\u2019abord La Villatte.<\/em><\/p>\n<p><em>Ils sont ensuite \u00e0 <\/em><span style=\"color: #0000ff;\"><strong>Pierre-B\u00e9nite (69)<\/strong><\/span><em>\u00a0: <\/em><\/p>\n<p><strong>En 1872<\/strong><em><strong>,<\/strong> ils habitent 25, Grande Rue. <\/em><\/p>\n<p><em>Marguerite y d\u00e9c\u00e8de le 18 d\u00e9cembre <\/em><strong>1875<\/strong><em>, \u00e2g\u00e9e de 49 ans. <\/em><\/p>\n<p><em>Michel se remarie le 17 novembre <\/em><strong>1877<\/strong><em> \u00e0 Pierre-B\u00e9nite avec Marie <\/em><strong>DESPINAS<\/strong><em>. <\/em><\/p>\n<p><strong>En 1896<\/strong>, <em>ils sont recens\u00e9s 74, rue Froide.<\/em><\/p>\n<p><strong>En 1904<\/strong><em>, ils habitent 1, rue de la Halte.<\/em><\/p>\n<p><em>\u00a0<\/em><em>Ils d\u00e9c\u00e8dent\u00a0:<\/em><\/p>\n<ul>\n<li><em>Michel \u00e0 cette derni\u00e8re adresse le 11 novembre <\/em><strong>1904<\/strong><em>, \u00e2g\u00e9 de 80 ans<\/em><\/li>\n<li><em>Marie, \u00e0 Albigny (69), le 4 novembre <\/em><strong>1908<\/strong><em>, \u00e2g\u00e9e de 75 ans<\/em><\/li>\n<\/ul>\n","protected":false},"excerpt":{"rendered":"<p>Mis \u00e0 jour le : 30\/04\/2026Michel SAVY 1824 \u2013 1904 ma\u00e7on n\u00e9 \u00e0 La Chassagne (Saint-Junien-la-Breg\u00e8re) le 2 septembre 1824 fils de Jean SAVY \/ Anne LAGRANGE cultivateurs \u25d9 Michel \u00e9pouse Marguerite CULOTTE le 23 janvier 1849 \u00e0 Saint-Junien. Ils habitent d\u2019abord La Villatte. Ils sont ensuite \u00e0 Pierre-B\u00e9nite (69)\u00a0: En 1872, ils habitent 25, ..<\/p>\n<div class=\"clear-fix\"><\/div>\n<p><a href=\"https:\/\/www.lesmaconsdelacreuse.fr\/annuaires\/lettre-s\/s_225\/\" title=\"Lire la suite...\">Lire la suite<\/a><\/p>\n","protected":false},"author":2,"featured_media":0,"comment_status":"closed","ping_status":"closed","sticky":false,"template":"","format":"standard","meta":{"_acf_changed":false,"_exactmetrics_skip_tracking":false,"_exactmetrics_sitenote_active":false,"_exactmetrics_sitenote_note":"","_exactmetrics_sitenote_category":0,"footnotes":""},"categories":[12],"tags":[],"class_list":["post-4557","post","type-post","status-publish","format-standard","hentry","category-lettre-s"],"acf":[],"_links":{"self":[{"href":"https:\/\/www.lesmaconsdelacreuse.fr\/annuaires\/wp-json\/wp\/v2\/posts\/4557","targetHints":{"allow":["GET"]}}],"collection":[{"href":"https:\/\/www.lesmaconsdelacreuse.fr\/annuaires\/wp-json\/wp\/v2\/posts"}],"about":[{"href":"https:\/\/www.lesmaconsdelacreuse.fr\/annuaires\/wp-json\/wp\/v2\/types\/post"}],"author":[{"embeddable":true,"href":"https:\/\/www.lesmaconsdelacreuse.fr\/annuaires\/wp-json\/wp\/v2\/users\/2"}],"replies":[{"embeddable":true,"href":"https:\/\/www.lesmaconsdelacreuse.fr\/annuaires\/wp-json\/wp\/v2\/comments?post=4557"}],"version-history":[{"count":2,"href":"https:\/\/www.lesmaconsdelacreuse.fr\/annuaires\/wp-json\/wp\/v2\/posts\/4557\/revisions"}],"predecessor-version":[{"id":198530,"href":"https:\/\/www.lesmaconsdelacreuse.fr\/annuaires\/wp-json\/wp\/v2\/posts\/4557\/revisions\/198530"}],"wp:attachment":[{"href":"https:\/\/www.lesmaconsdelacreuse.fr\/annuaires\/wp-json\/wp\/v2\/media?parent=4557"}],"wp:term":[{"taxonomy":"category","embeddable":true,"href":"https:\/\/www.lesmaconsdelacreuse.fr\/annuaires\/wp-json\/wp\/v2\/categories?post=4557"},{"taxonomy":"post_tag","embeddable":true,"href":"https:\/\/www.lesmaconsdelacreuse.fr\/annuaires\/wp-json\/wp\/v2\/tags?post=4557"}],"curies":[{"name":"wp","href":"https:\/\/api.w.org\/{rel}","templated":true}]}}