{"id":4559,"date":"2019-07-28T12:11:56","date_gmt":"2019-07-28T10:11:56","guid":{"rendered":"http:\/\/lesmaconsdelacreuse.fr\/annuaire\/?p=4559"},"modified":"2020-09-27T10:19:13","modified_gmt":"2020-09-27T08:19:13","slug":"s_227","status":"publish","type":"post","link":"https:\/\/www.lesmaconsdelacreuse.fr\/annuaires\/lettre-s\/s_227\/","title":{"rendered":"SAVY Pardoux (1852-entre 1894 et 1925)"},"content":{"rendered":"<p class=\"last-updated\"><strong>Mis \u00e0 jour le :<\/strong> 30\/04\/2026<\/p><h2 style=\"text-align: center;\"><strong>Pardoux SAVY<\/strong><\/h2>\n<p style=\"text-align: center;\"><strong>1852 \u2013 entre 1894 et 1925<\/strong><\/p>\n<p style=\"text-align: center;\"><img decoding=\"async\" title=\"\" src=\"https:\/\/lesmaconsdelacreuse.fr\/annuaire\/wp-content\/uploads\/2019\/07\/image1-980.jpg\" alt=\"\" data-asset-id=\"4555\" data-source-id=\"i.0\" \/><\/p>\n<h4 style=\"text-align: center;\"><span style=\"color: #008000;\"><strong>ma\u00e7on <\/strong>puis <strong>applicateur de ciment<\/strong><\/span><\/h4>\n<p>&nbsp;<\/p>\n<p style=\"text-align: center;\">n\u00e9 \u00e0 La Villatte (Saint-Junien-la-Breg\u00e8re)<\/p>\n<p style=\"text-align: center;\">le 25 octobre 1852<\/p>\n<p style=\"text-align: center;\">fils de<\/p>\n<p style=\"text-align: center;\">Michel SAVY, <span style=\"color: #008000;\"><strong>ma\u00e7on \/ <\/strong><\/span>Marguerite CULOTTE<\/p>\n<p style=\"text-align: center;\"><span style=\"color: #ffffff;\">\u25d9<\/span><\/p>\n<p><strong>En 1872<\/strong><em>, Pardoux, <\/em><span style=\"color: #008000;\"><strong>ma\u00e7on<\/strong><\/span><em>, travaille \u00e0 <\/em><span style=\"color: #0000ff;\"><strong>Pierre-B\u00e9nite (69)<\/strong><\/span><em> et loge 25, Grande Rue.<\/em><\/p>\n<p><strong>En 1875<\/strong><em>, il est toujours \u00e0 Pierre-B\u00e9nite.<\/em><\/p>\n<p><strong>En 1877<\/strong><em>, il travaille \u00e0 <\/em><span style=\"color: #0000ff;\"><strong>Lyon (69)<\/strong><\/span><em> et loge 5, rue de la Favorite. <\/em><\/p>\n<p><em> Il \u00e9pouse le 26 avril de la m\u00eame ann\u00e9e \u00e0 Lyon 5e Marguerite <\/em><strong>VALTINE<\/strong><em>, <strong>\u25ba<\/strong> <a href=\"https:\/\/www.lesmaconsdelacreuse.fr\/annuaires\/wp-content\/uploads\/2019\/08\/D\u00c9VIDEUSE.png\" target=\"_blank\" rel=\"noopener noreferrer\">d\u00e9videuse<\/a> d\u2019origine creusoise (mari\u00e9s sans contrat).<\/em><\/p>\n<p><strong>De 1878 \u00e0 1883<\/strong><em>, le couple habite 18, rue de la Favorite\u00a0;<\/em><\/p>\n<p><strong>en 1889 et 1894<\/strong><em>, 7, chemin de la Favorite, et Pardoux est <\/em><span style=\"color: #008000;\"><strong>applicateur de ciment<\/strong><\/span><em><span style=\"color: #008000;\">.<\/span> <\/em><\/p>\n<p>&nbsp;<\/p>\n","protected":false},"excerpt":{"rendered":"<p>Mis \u00e0 jour le : 30\/04\/2026Pardoux SAVY 1852 \u2013 entre 1894 et 1925 ma\u00e7on puis applicateur de ciment &nbsp; n\u00e9 \u00e0 La Villatte (Saint-Junien-la-Breg\u00e8re) le 25 octobre 1852 fils de Michel SAVY, ma\u00e7on \/ Marguerite CULOTTE \u25d9 En 1872, Pardoux, ma\u00e7on, travaille \u00e0 Pierre-B\u00e9nite (69) et loge 25, Grande Rue. En 1875, il est toujours ..<\/p>\n<div class=\"clear-fix\"><\/div>\n<p><a href=\"https:\/\/www.lesmaconsdelacreuse.fr\/annuaires\/lettre-s\/s_227\/\" title=\"Lire la suite...\">Lire la suite<\/a><\/p>\n","protected":false},"author":2,"featured_media":0,"comment_status":"closed","ping_status":"closed","sticky":false,"template":"","format":"standard","meta":{"_acf_changed":false,"_exactmetrics_skip_tracking":false,"_exactmetrics_sitenote_active":false,"_exactmetrics_sitenote_note":"","_exactmetrics_sitenote_category":0,"footnotes":""},"categories":[12],"tags":[],"class_list":["post-4559","post","type-post","status-publish","format-standard","hentry","category-lettre-s"],"acf":[],"_links":{"self":[{"href":"https:\/\/www.lesmaconsdelacreuse.fr\/annuaires\/wp-json\/wp\/v2\/posts\/4559","targetHints":{"allow":["GET"]}}],"collection":[{"href":"https:\/\/www.lesmaconsdelacreuse.fr\/annuaires\/wp-json\/wp\/v2\/posts"}],"about":[{"href":"https:\/\/www.lesmaconsdelacreuse.fr\/annuaires\/wp-json\/wp\/v2\/types\/post"}],"author":[{"embeddable":true,"href":"https:\/\/www.lesmaconsdelacreuse.fr\/annuaires\/wp-json\/wp\/v2\/users\/2"}],"replies":[{"embeddable":true,"href":"https:\/\/www.lesmaconsdelacreuse.fr\/annuaires\/wp-json\/wp\/v2\/comments?post=4559"}],"version-history":[{"count":0,"href":"https:\/\/www.lesmaconsdelacreuse.fr\/annuaires\/wp-json\/wp\/v2\/posts\/4559\/revisions"}],"wp:attachment":[{"href":"https:\/\/www.lesmaconsdelacreuse.fr\/annuaires\/wp-json\/wp\/v2\/media?parent=4559"}],"wp:term":[{"taxonomy":"category","embeddable":true,"href":"https:\/\/www.lesmaconsdelacreuse.fr\/annuaires\/wp-json\/wp\/v2\/categories?post=4559"},{"taxonomy":"post_tag","embeddable":true,"href":"https:\/\/www.lesmaconsdelacreuse.fr\/annuaires\/wp-json\/wp\/v2\/tags?post=4559"}],"curies":[{"name":"wp","href":"https:\/\/api.w.org\/{rel}","templated":true}]}}