{"id":4562,"date":"2019-07-28T12:11:56","date_gmt":"2019-07-28T10:11:56","guid":{"rendered":"http:\/\/lesmaconsdelacreuse.fr\/annuaire\/?p=4562"},"modified":"2020-01-20T11:30:03","modified_gmt":"2020-01-20T10:30:03","slug":"s_198","status":"publish","type":"post","link":"https:\/\/www.lesmaconsdelacreuse.fr\/annuaires\/lettre-s\/s_198\/","title":{"rendered":"SAUVANAUD L\u00e9onard (d\u00e9c\u00e9d\u00e9 apr\u00e8s 1756)"},"content":{"rendered":"<p class=\"last-updated\"><strong>Mis \u00e0 jour le :<\/strong> 30\/04\/2026<\/p><h2 style=\"text-align: center;\"><strong>L\u00e9onard SAUVANAUD<\/strong><\/h2>\n<p style=\"text-align: center;\"><strong>d\u00e9c\u00e9d\u00e9 apr\u00e8s 1756<\/strong><\/p>\n<p style=\"text-align: center;\"><img decoding=\"async\" title=\"\" src=\"https:\/\/lesmaconsdelacreuse.fr\/annuaire\/wp-content\/uploads\/2019\/07\/image1-982.jpg\" alt=\"\" data-asset-id=\"4560\" data-source-id=\"i.0\" \/><\/p>\n<h4 style=\"text-align: center;\"><span style=\"color: #008000;\"><strong>ma\u00e7on <\/strong>et<strong> laboureur<\/strong><\/span><\/h4>\n<p style=\"text-align: center;\">de Larfouill\u00e8re (Ch\u00e2tain)<\/p>\n<p style=\"text-align: center;\"><span style=\"color: #ffffff;\">\u25d9<\/span><\/p>\n<p><em>L\u00e9onard<\/em> <em>\u00e9pouse Anne <\/em><strong>LAVERGNE<\/strong><em> qui d\u00e9c\u00e8de \u00e0 Larfouill\u00e8re, paroisse de Ch\u00e2tain.<\/em><\/p>\n<p><strong>En 1734<\/strong><em>, il se remarie avec Jeanne <\/em><strong>CANCALON<\/strong><em> (contrat Delavergne au Monteil-au-Vicomte)<\/em><\/p>\n<p><em> Ils habitent Larfouill\u00e8re o\u00f9 Jeanne d\u00e9c\u00e8de le 31 d\u00e9cembre <\/em><strong>1750<\/strong><em>. <\/em><\/p>\n<p><em>L\u00e9onard se remarie le 19 avril <\/em><strong>1751<\/strong><em> \u00e0 Valli\u00e8re avec L\u00e9onarde <\/em><strong>BOUTIER<\/strong><em>, veuve d\u2019Antoine CLUZELON. <\/em><\/p>\n","protected":false},"excerpt":{"rendered":"<p>Mis \u00e0 jour le : 30\/04\/2026L\u00e9onard SAUVANAUD d\u00e9c\u00e9d\u00e9 apr\u00e8s 1756 ma\u00e7on et laboureur de Larfouill\u00e8re (Ch\u00e2tain) \u25d9 L\u00e9onard \u00e9pouse Anne LAVERGNE qui d\u00e9c\u00e8de \u00e0 Larfouill\u00e8re, paroisse de Ch\u00e2tain. En 1734, il se remarie avec Jeanne CANCALON (contrat Delavergne au Monteil-au-Vicomte) Ils habitent Larfouill\u00e8re o\u00f9 Jeanne d\u00e9c\u00e8de le 31 d\u00e9cembre 1750. L\u00e9onard se remarie le 19 ..<\/p>\n<div class=\"clear-fix\"><\/div>\n<p><a href=\"https:\/\/www.lesmaconsdelacreuse.fr\/annuaires\/lettre-s\/s_198\/\" title=\"Lire la suite...\">Lire la suite<\/a><\/p>\n","protected":false},"author":2,"featured_media":0,"comment_status":"closed","ping_status":"closed","sticky":false,"template":"","format":"standard","meta":{"_acf_changed":false,"_exactmetrics_skip_tracking":false,"_exactmetrics_sitenote_active":false,"_exactmetrics_sitenote_note":"","_exactmetrics_sitenote_category":0,"footnotes":""},"categories":[12],"tags":[],"class_list":["post-4562","post","type-post","status-publish","format-standard","hentry","category-lettre-s"],"acf":[],"_links":{"self":[{"href":"https:\/\/www.lesmaconsdelacreuse.fr\/annuaires\/wp-json\/wp\/v2\/posts\/4562","targetHints":{"allow":["GET"]}}],"collection":[{"href":"https:\/\/www.lesmaconsdelacreuse.fr\/annuaires\/wp-json\/wp\/v2\/posts"}],"about":[{"href":"https:\/\/www.lesmaconsdelacreuse.fr\/annuaires\/wp-json\/wp\/v2\/types\/post"}],"author":[{"embeddable":true,"href":"https:\/\/www.lesmaconsdelacreuse.fr\/annuaires\/wp-json\/wp\/v2\/users\/2"}],"replies":[{"embeddable":true,"href":"https:\/\/www.lesmaconsdelacreuse.fr\/annuaires\/wp-json\/wp\/v2\/comments?post=4562"}],"version-history":[{"count":0,"href":"https:\/\/www.lesmaconsdelacreuse.fr\/annuaires\/wp-json\/wp\/v2\/posts\/4562\/revisions"}],"wp:attachment":[{"href":"https:\/\/www.lesmaconsdelacreuse.fr\/annuaires\/wp-json\/wp\/v2\/media?parent=4562"}],"wp:term":[{"taxonomy":"category","embeddable":true,"href":"https:\/\/www.lesmaconsdelacreuse.fr\/annuaires\/wp-json\/wp\/v2\/categories?post=4562"},{"taxonomy":"post_tag","embeddable":true,"href":"https:\/\/www.lesmaconsdelacreuse.fr\/annuaires\/wp-json\/wp\/v2\/tags?post=4562"}],"curies":[{"name":"wp","href":"https:\/\/api.w.org\/{rel}","templated":true}]}}