{"id":4564,"date":"2019-07-28T12:11:56","date_gmt":"2019-07-28T10:11:56","guid":{"rendered":"http:\/\/lesmaconsdelacreuse.fr\/annuaire\/?p=4564"},"modified":"2020-10-04T14:44:33","modified_gmt":"2020-10-04T12:44:33","slug":"s_229","status":"publish","type":"post","link":"https:\/\/www.lesmaconsdelacreuse.fr\/annuaires\/lettre-s\/s_229\/","title":{"rendered":"SENAMAUD L\u00e9onard \u00c9mile (1896-1938)"},"content":{"rendered":"<p class=\"last-updated\"><strong>Mis \u00e0 jour le :<\/strong> 30\/04\/2026<\/p><h2 style=\"text-align: center;\"><strong>L\u00e9onard \u00c9mile S\u00c9NAMAUD<\/strong><\/h2>\n<p style=\"text-align: center;\"><strong>1896 &#8211; 1938<\/strong><\/p>\n<p style=\"text-align: center;\"><img decoding=\"async\" title=\"\" src=\"https:\/\/lesmaconsdelacreuse.fr\/annuaire\/wp-content\/uploads\/2019\/07\/image1-983.jpg\" alt=\"\" data-asset-id=\"4563\" data-source-id=\"i.0\" \/><\/p>\n<h4 style=\"text-align: center;\"><span style=\"color: #008000;\"><strong>ma\u00e7<\/strong><\/span><span style=\"color: #008000;\"><strong>o<\/strong><\/span><span style=\"color: #008000;\"><strong>n<\/strong> et <\/span><span style=\"color: #008000;\"><strong><em>\u25ba<a href=\"https:\/\/www.lesmaconsdelacreuse.fr\/annuaires\/wp-content\/uploads\/2020\/07\/FUMISTE.png\" target=\"_blank\" rel=\"noopener noreferrer\"><span style=\"color: #008000;\">fumiste<\/span><\/a><\/em><\/strong><\/span><\/h4>\n<p style=\"text-align: center;\">\n<p>&nbsp;<\/p>\n<p style=\"text-align: center;\">n\u00e9 \u00e0 Fleix (Bujaleuf &#8211; 87)<\/p>\n<p style=\"text-align: center;\">le 6 avril 1896<\/p>\n<p style=\"text-align: center;\">fils naturel de<\/p>\n<p style=\"text-align: center;\">Marie S\u00c9NAMAUD, servante<\/p>\n<p style=\"text-align: center;\"><span style=\"color: #ffffff;\">\u25d9<\/span><\/p>\n<p><strong>En 1916<\/strong><em>, L\u00e9onard, <\/em><span style=\"color: #008000;\"><strong>ma\u00e7on<\/strong><\/span><em>, habite Roy\u00e8re avec sa m\u00e8re. <\/em><\/p>\n<p><span style=\"color: #008000;\"><strong>Fumiste<\/strong><\/span><em>, il \u00e9pouse Marie <\/em><strong>BURAUD<\/strong><em>, fille d\u2019entrepreneur, le 13 janvier <\/em><strong>1921<\/strong><em> \u00e0 Peyrat-le-Ch\u00e2teau (87 \u2013 mari\u00e9s sans contrat).<\/em><\/p>\n<p><strong>En 1921, 1932 et 1937<\/strong><em>, il est \u00e0 <\/em><span style=\"color: #0000ff;\"><strong>Paris (75)<\/strong><\/span><em>, 32, rue Ramponneau, 20e arrondissement.<\/em><\/p>\n<p><em>Il d\u00e9c\u00e8de \u00e0 <\/em><span style=\"color: #0000ff;\"><strong>Lyon (69) <\/strong><\/span><em>7e le 4 mars <\/em><strong>1938<\/strong><em>, \u00e2g\u00e9 de 41 ans. Il est encore domicili\u00e9 rue Ramponneau \u00e0 Paris.<\/em><\/p>\n<p><em>Sa veuve se remarie en 1939 avec Marcel Justin BLANCHET-ODDET. Elle d\u00e9c\u00e8de \u00e0 Paris 14e le 17 novembre 1977, \u00e2g\u00e9e de 75 ans.<\/em><\/p>\n<p>&nbsp;<\/p>\n","protected":false},"excerpt":{"rendered":"<p>Mis \u00e0 jour le : 30\/04\/2026L\u00e9onard \u00c9mile S\u00c9NAMAUD 1896 &#8211; 1938 ma\u00e7on et \u25bafumiste &nbsp; n\u00e9 \u00e0 Fleix (Bujaleuf &#8211; 87) le 6 avril 1896 fils naturel de Marie S\u00c9NAMAUD, servante \u25d9 En 1916, L\u00e9onard, ma\u00e7on, habite Roy\u00e8re avec sa m\u00e8re. Fumiste, il \u00e9pouse Marie BURAUD, fille d\u2019entrepreneur, le 13 janvier 1921 \u00e0 Peyrat-le-Ch\u00e2teau (87 ..<\/p>\n<div class=\"clear-fix\"><\/div>\n<p><a href=\"https:\/\/www.lesmaconsdelacreuse.fr\/annuaires\/lettre-s\/s_229\/\" title=\"Lire la suite...\">Lire la suite<\/a><\/p>\n","protected":false},"author":2,"featured_media":0,"comment_status":"closed","ping_status":"closed","sticky":false,"template":"","format":"standard","meta":{"_acf_changed":false,"_exactmetrics_skip_tracking":false,"_exactmetrics_sitenote_active":false,"_exactmetrics_sitenote_note":"","_exactmetrics_sitenote_category":0,"footnotes":""},"categories":[12],"tags":[],"class_list":["post-4564","post","type-post","status-publish","format-standard","hentry","category-lettre-s"],"acf":[],"_links":{"self":[{"href":"https:\/\/www.lesmaconsdelacreuse.fr\/annuaires\/wp-json\/wp\/v2\/posts\/4564","targetHints":{"allow":["GET"]}}],"collection":[{"href":"https:\/\/www.lesmaconsdelacreuse.fr\/annuaires\/wp-json\/wp\/v2\/posts"}],"about":[{"href":"https:\/\/www.lesmaconsdelacreuse.fr\/annuaires\/wp-json\/wp\/v2\/types\/post"}],"author":[{"embeddable":true,"href":"https:\/\/www.lesmaconsdelacreuse.fr\/annuaires\/wp-json\/wp\/v2\/users\/2"}],"replies":[{"embeddable":true,"href":"https:\/\/www.lesmaconsdelacreuse.fr\/annuaires\/wp-json\/wp\/v2\/comments?post=4564"}],"version-history":[{"count":0,"href":"https:\/\/www.lesmaconsdelacreuse.fr\/annuaires\/wp-json\/wp\/v2\/posts\/4564\/revisions"}],"wp:attachment":[{"href":"https:\/\/www.lesmaconsdelacreuse.fr\/annuaires\/wp-json\/wp\/v2\/media?parent=4564"}],"wp:term":[{"taxonomy":"category","embeddable":true,"href":"https:\/\/www.lesmaconsdelacreuse.fr\/annuaires\/wp-json\/wp\/v2\/categories?post=4564"},{"taxonomy":"post_tag","embeddable":true,"href":"https:\/\/www.lesmaconsdelacreuse.fr\/annuaires\/wp-json\/wp\/v2\/tags?post=4564"}],"curies":[{"name":"wp","href":"https:\/\/api.w.org\/{rel}","templated":true}]}}