{"id":4571,"date":"2019-07-28T12:11:56","date_gmt":"2019-07-28T10:11:56","guid":{"rendered":"http:\/\/lesmaconsdelacreuse.fr\/annuaire\/?p=4571"},"modified":"2020-01-20T11:30:03","modified_gmt":"2020-01-20T10:30:03","slug":"s_231","status":"publish","type":"post","link":"https:\/\/www.lesmaconsdelacreuse.fr\/annuaires\/lettre-s\/s_231\/","title":{"rendered":"SENY Eug\u00e8ne (1872-1950)"},"content":{"rendered":"<p class=\"last-updated\"><strong>Mis \u00e0 jour le :<\/strong> 30\/04\/2026<\/p><h2 style=\"text-align: center;\"><strong>Eug\u00e8ne SENY<\/strong><\/h2>\n<p style=\"text-align: center;\"><strong>1872 \u2013 1950<\/strong><\/p>\n<p style=\"text-align: center;\"><img decoding=\"async\" title=\"\" src=\"https:\/\/lesmaconsdelacreuse.fr\/annuaire\/wp-content\/uploads\/2019\/07\/image1-985.jpg\" alt=\"\" data-asset-id=\"4567\" data-source-id=\"i.0\" \/><\/p>\n<h4 style=\"text-align: center;\"><span style=\"color: #008000;\"><strong>ma\u00e7on <\/strong>et<strong> cultivateur<\/strong><\/span><\/h4>\n<p style=\"text-align: center;\">n\u00e9 \u00e0 Buze (Saint-Pardoux-Lavaud)<\/p>\n<p style=\"text-align: center;\">le 11 mai 1872<\/p>\n<p style=\"text-align: center;\">fils de<\/p>\n<p style=\"text-align: center;\">L\u00e9onard SENY, <span style=\"color: #008000;\"><strong>ma\u00e7on<\/strong><\/span> et mar\u00e9chal ferrant \/\u00a0 Th\u00e9r\u00e8se LANDON<\/p>\n<p style=\"text-align: center;\">propri\u00e9taires cultivateurs<\/p>\n<p style=\"text-align: center;\"><span style=\"color: #ffffff;\">\u25d9<\/span><\/p>\n<p><strong>En 1897 et 1898<\/strong><em>, Eug\u00e8ne travaille \u00e0 <\/em><span style=\"color: #0000ff;\"><strong>Saint-Germain-au-Mont-d\u2019Or (69)<\/strong><\/span><em>.<\/em><\/p>\n<p><em> Il \u00e9pouse Jeanne Z\u00e9lie <\/em><strong>CH\u00c2TAIN<\/strong><em> le 18 janvier <\/em><strong>1900<\/strong><em> \u00e0 Roy\u00e8re. Ils vivent d\u2019abord \u00e0 Langladure, m\u00eame commune. <\/em><\/p>\n<p><strong>En 1903<\/strong><em>, ils sont \u00e0 <\/em><span style=\"color: #0000ff;\"><strong>Lyon (69)<\/strong><\/span><em>, 213, rue Cr\u00e9qui\u00a0;<\/em><\/p>\n<p><strong>en 1912<\/strong><em> \u00e0 <\/em><span style=\"color: #0000ff;\"><strong>Chandieu (69)<\/strong><\/span><em><span style=\"color: #0000ff;\">\u00a0<\/span>;<\/em><\/p>\n<p><strong>en 1919 et 1920<\/strong><em>, de nouveau \u00e0 Lyon, rue de Cr\u00e9qui.<\/em><\/p>\n<p><em>Retir\u00e9s \u00e0 Langladure, ils y d\u00e9c\u00e8dent\u00a0:<\/em><\/p>\n<ul>\n<li><em>Jeanne, le 9 ao\u00fbt <\/em><strong>1940<\/strong><em>, \u00e2g\u00e9e de 68 ans<\/em><\/li>\n<li><em>Eug\u00e8ne, le 12 juin <\/em><strong>1950<\/strong><em>, \u00e2g\u00e9 de 78 ans <\/em><\/li>\n<\/ul>\n<p><strong>\u00a0<\/strong><\/p>\n","protected":false},"excerpt":{"rendered":"<p>Mis \u00e0 jour le : 30\/04\/2026Eug\u00e8ne SENY 1872 \u2013 1950 ma\u00e7on et cultivateur n\u00e9 \u00e0 Buze (Saint-Pardoux-Lavaud) le 11 mai 1872 fils de L\u00e9onard SENY, ma\u00e7on et mar\u00e9chal ferrant \/\u00a0 Th\u00e9r\u00e8se LANDON propri\u00e9taires cultivateurs \u25d9 En 1897 et 1898, Eug\u00e8ne travaille \u00e0 Saint-Germain-au-Mont-d\u2019Or (69). Il \u00e9pouse Jeanne Z\u00e9lie CH\u00c2TAIN le 18 janvier 1900 \u00e0 Roy\u00e8re. ..<\/p>\n<div class=\"clear-fix\"><\/div>\n<p><a href=\"https:\/\/www.lesmaconsdelacreuse.fr\/annuaires\/lettre-s\/s_231\/\" title=\"Lire la suite...\">Lire la suite<\/a><\/p>\n","protected":false},"author":2,"featured_media":0,"comment_status":"closed","ping_status":"closed","sticky":false,"template":"","format":"standard","meta":{"_acf_changed":false,"_exactmetrics_skip_tracking":false,"_exactmetrics_sitenote_active":false,"_exactmetrics_sitenote_note":"","_exactmetrics_sitenote_category":0,"footnotes":""},"categories":[12],"tags":[],"class_list":["post-4571","post","type-post","status-publish","format-standard","hentry","category-lettre-s"],"acf":[],"_links":{"self":[{"href":"https:\/\/www.lesmaconsdelacreuse.fr\/annuaires\/wp-json\/wp\/v2\/posts\/4571","targetHints":{"allow":["GET"]}}],"collection":[{"href":"https:\/\/www.lesmaconsdelacreuse.fr\/annuaires\/wp-json\/wp\/v2\/posts"}],"about":[{"href":"https:\/\/www.lesmaconsdelacreuse.fr\/annuaires\/wp-json\/wp\/v2\/types\/post"}],"author":[{"embeddable":true,"href":"https:\/\/www.lesmaconsdelacreuse.fr\/annuaires\/wp-json\/wp\/v2\/users\/2"}],"replies":[{"embeddable":true,"href":"https:\/\/www.lesmaconsdelacreuse.fr\/annuaires\/wp-json\/wp\/v2\/comments?post=4571"}],"version-history":[{"count":0,"href":"https:\/\/www.lesmaconsdelacreuse.fr\/annuaires\/wp-json\/wp\/v2\/posts\/4571\/revisions"}],"wp:attachment":[{"href":"https:\/\/www.lesmaconsdelacreuse.fr\/annuaires\/wp-json\/wp\/v2\/media?parent=4571"}],"wp:term":[{"taxonomy":"category","embeddable":true,"href":"https:\/\/www.lesmaconsdelacreuse.fr\/annuaires\/wp-json\/wp\/v2\/categories?post=4571"},{"taxonomy":"post_tag","embeddable":true,"href":"https:\/\/www.lesmaconsdelacreuse.fr\/annuaires\/wp-json\/wp\/v2\/tags?post=4571"}],"curies":[{"name":"wp","href":"https:\/\/api.w.org\/{rel}","templated":true}]}}