{"id":4574,"date":"2019-07-28T12:11:56","date_gmt":"2019-07-28T10:11:56","guid":{"rendered":"http:\/\/lesmaconsdelacreuse.fr\/annuaire\/?p=4574"},"modified":"2021-12-11T11:17:03","modified_gmt":"2021-12-11T10:17:03","slug":"s_208","status":"publish","type":"post","link":"https:\/\/www.lesmaconsdelacreuse.fr\/annuaires\/lettre-s\/s_208\/","title":{"rendered":"SAUVANAUD Lucien Henri (1905-1942)"},"content":{"rendered":"<p class=\"last-updated\"><strong>Mis \u00e0 jour le :<\/strong> 30\/04\/2026<\/p><h2 style=\"text-align: center;\"><strong>Lucien Henri SAUVANAUD<\/strong><\/h2>\n<p style=\"text-align: center;\"><strong>1905 \u2013 1942<\/strong><\/p>\n<p style=\"text-align: center;\"><img loading=\"lazy\" decoding=\"async\" class=\"\" title=\"\" src=\"https:\/\/lesmaconsdelacreuse.fr\/annuaire\/wp-content\/uploads\/2019\/07\/image1-988.jpg\" alt=\"\" width=\"181\" height=\"49\" data-asset-id=\"4572\" data-source-id=\"i.0\" \/><\/p>\n<h4 style=\"text-align: center;\"><span style=\"color: #008000;\"><strong>ma\u00e7on <\/strong>et<strong> cultivateur<\/strong><\/span><\/h4>\n<p style=\"text-align: center;\">n\u00e9 au Gu\u00e9-Chaumeix (Le Monteil-au-Vicomte)<\/p>\n<p style=\"text-align: center;\">le 9 septembre 1905<\/p>\n<p style=\"text-align: center;\">fils de<\/p>\n<p style=\"text-align: center;\">Jean-Baptiste Henri SAUVANAUD \/ Jeanne Julie SAUVANAUD<\/p>\n<p style=\"text-align: center;\">meuniers<\/p>\n<p style=\"text-align: center;\"><span style=\"color: #ffffff;\">\u25d9<\/span><\/p>\n<p><em>Lucien \u00e9pouse Ren\u00e9e Georgette <\/em><strong>BONAMOUR<\/strong><em> le 18 f\u00e9vrier <\/em><strong>1933<\/strong> <em>au Monteil (mari\u00e9s sans contrat). <\/em><\/p>\n<p><em>Ils habitent La Croix de Lachaud, m\u00eame commune.<\/em><\/p>\n<p><em>Lucien y d\u00e9c\u00e8de le 24 mars<\/em> <strong>1942<\/strong>, <em>\u00e2g\u00e9 de 36 ans.<\/em><\/p>\n<p><em>Sa veuve se remarie <\/em><strong>en 1946<\/strong><em> avec Raymond DULAC et d\u00e9c\u00e8de le 8 mars 2002<\/em> <em>\u00e0 Moutier-Rozeille, \u00e2g\u00e9e de 89 ans .<\/em><\/p>\n","protected":false},"excerpt":{"rendered":"<p>Mis \u00e0 jour le : 30\/04\/2026Lucien Henri SAUVANAUD 1905 \u2013 1942 ma\u00e7on et cultivateur n\u00e9 au Gu\u00e9-Chaumeix (Le Monteil-au-Vicomte) le 9 septembre 1905 fils de Jean-Baptiste Henri SAUVANAUD \/ Jeanne Julie SAUVANAUD meuniers \u25d9 Lucien \u00e9pouse Ren\u00e9e Georgette BONAMOUR le 18 f\u00e9vrier 1933 au Monteil (mari\u00e9s sans contrat). Ils habitent La Croix de Lachaud, m\u00eame ..<\/p>\n<div class=\"clear-fix\"><\/div>\n<p><a href=\"https:\/\/www.lesmaconsdelacreuse.fr\/annuaires\/lettre-s\/s_208\/\" title=\"Lire la suite...\">Lire la suite<\/a><\/p>\n","protected":false},"author":2,"featured_media":0,"comment_status":"closed","ping_status":"closed","sticky":false,"template":"","format":"standard","meta":{"_acf_changed":false,"_exactmetrics_skip_tracking":false,"_exactmetrics_sitenote_active":false,"_exactmetrics_sitenote_note":"","_exactmetrics_sitenote_category":0,"footnotes":""},"categories":[12],"tags":[],"class_list":["post-4574","post","type-post","status-publish","format-standard","hentry","category-lettre-s"],"acf":[],"_links":{"self":[{"href":"https:\/\/www.lesmaconsdelacreuse.fr\/annuaires\/wp-json\/wp\/v2\/posts\/4574","targetHints":{"allow":["GET"]}}],"collection":[{"href":"https:\/\/www.lesmaconsdelacreuse.fr\/annuaires\/wp-json\/wp\/v2\/posts"}],"about":[{"href":"https:\/\/www.lesmaconsdelacreuse.fr\/annuaires\/wp-json\/wp\/v2\/types\/post"}],"author":[{"embeddable":true,"href":"https:\/\/www.lesmaconsdelacreuse.fr\/annuaires\/wp-json\/wp\/v2\/users\/2"}],"replies":[{"embeddable":true,"href":"https:\/\/www.lesmaconsdelacreuse.fr\/annuaires\/wp-json\/wp\/v2\/comments?post=4574"}],"version-history":[{"count":2,"href":"https:\/\/www.lesmaconsdelacreuse.fr\/annuaires\/wp-json\/wp\/v2\/posts\/4574\/revisions"}],"predecessor-version":[{"id":193077,"href":"https:\/\/www.lesmaconsdelacreuse.fr\/annuaires\/wp-json\/wp\/v2\/posts\/4574\/revisions\/193077"}],"wp:attachment":[{"href":"https:\/\/www.lesmaconsdelacreuse.fr\/annuaires\/wp-json\/wp\/v2\/media?parent=4574"}],"wp:term":[{"taxonomy":"category","embeddable":true,"href":"https:\/\/www.lesmaconsdelacreuse.fr\/annuaires\/wp-json\/wp\/v2\/categories?post=4574"},{"taxonomy":"post_tag","embeddable":true,"href":"https:\/\/www.lesmaconsdelacreuse.fr\/annuaires\/wp-json\/wp\/v2\/tags?post=4574"}],"curies":[{"name":"wp","href":"https:\/\/api.w.org\/{rel}","templated":true}]}}