{"id":4582,"date":"2019-07-28T12:11:55","date_gmt":"2019-07-28T10:11:55","guid":{"rendered":"http:\/\/lesmaconsdelacreuse.fr\/annuaire\/?p=4582"},"modified":"2020-01-20T11:30:03","modified_gmt":"2020-01-20T10:30:03","slug":"s_220","status":"publish","type":"post","link":"https:\/\/www.lesmaconsdelacreuse.fr\/annuaires\/lettre-s\/s_220\/","title":{"rendered":"SAVY \u00c9tienne (1811-1893)"},"content":{"rendered":"<p class=\"last-updated\"><strong>Mis \u00e0 jour le :<\/strong> 30\/04\/2026<\/p><h2 style=\"text-align: center;\"><strong>\u00c9tienne SAVY<\/strong><\/h2>\n<p style=\"text-align: center;\"><strong>1811 \u2013 1893<\/strong><\/p>\n<p style=\"text-align: center;\"><img decoding=\"async\" title=\"\" src=\"https:\/\/lesmaconsdelacreuse.fr\/annuaire\/wp-content\/uploads\/2019\/07\/image1-991.jpg\" alt=\"\" data-asset-id=\"4581\" data-source-id=\"i.0\" \/><\/p>\n<h4 style=\"text-align: center;\"><strong><span style=\"color: #008000;\">ma\u00eetre<\/span><\/strong><span style=\"color: #008000;\"><strong> ma\u00e7on<\/strong><\/span> <span style=\"color: #008000;\">et<\/span> <span style=\"color: #008000;\"><strong>cultivateur<\/strong><\/span><\/h4>\n<p style=\"text-align: center;\">n\u00e9 au Mazeau (Vidaillat)<\/p>\n<p style=\"text-align: center;\">le 15 novembre 1811<\/p>\n<p style=\"text-align: center;\">fils de<\/p>\n<p style=\"text-align: center;\">Jacques SAVY \/ Catherine FANTON<\/p>\n<p style=\"text-align: center;\">cultivateurs<\/p>\n<p style=\"text-align: center;\"><span style=\"color: #ffffff;\">\u25d9<\/span><\/p>\n<p><em>\u00c9tienne \u00e9pouse L\u00e9onarde <\/em><strong>FANTON<\/strong><em> le 10 f\u00e9vrier <\/em><strong>1835<\/strong><em> \u00e0 Saint-Pierre-le-Bost (contrat Lepetit au Monteil-au-Vicomte). Ils habitent Lardillier, commune de Saint-Pierre. <\/em><\/p>\n<p><strong>En 1837, 1841, 1844 et 1847<\/strong><em>, \u00c9tienne travaille \u00e0 <\/em><span style=\"color: #0000ff;\"><strong>Lyon (69)<\/strong><em>.<\/em><\/span><\/p>\n<p><em>Les \u00e9poux d\u00e9c\u00e8dent \u00e0 Gioux, aussi commune de Saint-Pierre\u00a0:<\/em><\/p>\n<ul>\n<li><em>L\u00e9onarde, le 19 avril <\/em><strong>1892<\/strong><em>, \u00e2g\u00e9e de 73 ans<\/em><\/li>\n<li><em>\u00c9tienne, le 28 avril <\/em><strong>1893<\/strong><em>, \u00e2g\u00e9 de 81 ans<\/em><\/li>\n<\/ul>\n","protected":false},"excerpt":{"rendered":"<p>Mis \u00e0 jour le : 30\/04\/2026\u00c9tienne SAVY 1811 \u2013 1893 ma\u00eetre ma\u00e7on et cultivateur n\u00e9 au Mazeau (Vidaillat) le 15 novembre 1811 fils de Jacques SAVY \/ Catherine FANTON cultivateurs \u25d9 \u00c9tienne \u00e9pouse L\u00e9onarde FANTON le 10 f\u00e9vrier 1835 \u00e0 Saint-Pierre-le-Bost (contrat Lepetit au Monteil-au-Vicomte). Ils habitent Lardillier, commune de Saint-Pierre. En 1837, 1841, 1844 ..<\/p>\n<div class=\"clear-fix\"><\/div>\n<p><a href=\"https:\/\/www.lesmaconsdelacreuse.fr\/annuaires\/lettre-s\/s_220\/\" title=\"Lire la suite...\">Lire la suite<\/a><\/p>\n","protected":false},"author":2,"featured_media":0,"comment_status":"closed","ping_status":"closed","sticky":false,"template":"","format":"standard","meta":{"_acf_changed":false,"_exactmetrics_skip_tracking":false,"_exactmetrics_sitenote_active":false,"_exactmetrics_sitenote_note":"","_exactmetrics_sitenote_category":0,"footnotes":""},"categories":[12],"tags":[],"class_list":["post-4582","post","type-post","status-publish","format-standard","hentry","category-lettre-s"],"acf":[],"_links":{"self":[{"href":"https:\/\/www.lesmaconsdelacreuse.fr\/annuaires\/wp-json\/wp\/v2\/posts\/4582","targetHints":{"allow":["GET"]}}],"collection":[{"href":"https:\/\/www.lesmaconsdelacreuse.fr\/annuaires\/wp-json\/wp\/v2\/posts"}],"about":[{"href":"https:\/\/www.lesmaconsdelacreuse.fr\/annuaires\/wp-json\/wp\/v2\/types\/post"}],"author":[{"embeddable":true,"href":"https:\/\/www.lesmaconsdelacreuse.fr\/annuaires\/wp-json\/wp\/v2\/users\/2"}],"replies":[{"embeddable":true,"href":"https:\/\/www.lesmaconsdelacreuse.fr\/annuaires\/wp-json\/wp\/v2\/comments?post=4582"}],"version-history":[{"count":0,"href":"https:\/\/www.lesmaconsdelacreuse.fr\/annuaires\/wp-json\/wp\/v2\/posts\/4582\/revisions"}],"wp:attachment":[{"href":"https:\/\/www.lesmaconsdelacreuse.fr\/annuaires\/wp-json\/wp\/v2\/media?parent=4582"}],"wp:term":[{"taxonomy":"category","embeddable":true,"href":"https:\/\/www.lesmaconsdelacreuse.fr\/annuaires\/wp-json\/wp\/v2\/categories?post=4582"},{"taxonomy":"post_tag","embeddable":true,"href":"https:\/\/www.lesmaconsdelacreuse.fr\/annuaires\/wp-json\/wp\/v2\/tags?post=4582"}],"curies":[{"name":"wp","href":"https:\/\/api.w.org\/{rel}","templated":true}]}}