{"id":4586,"date":"2019-07-28T12:11:55","date_gmt":"2019-07-28T10:11:55","guid":{"rendered":"http:\/\/lesmaconsdelacreuse.fr\/annuaire\/?p=4586"},"modified":"2020-10-14T10:43:05","modified_gmt":"2020-10-14T08:43:05","slug":"s_201","status":"publish","type":"post","link":"https:\/\/www.lesmaconsdelacreuse.fr\/annuaires\/lettre-s\/s_201\/","title":{"rendered":"SAUVANAUD Louis (1836-1891)"},"content":{"rendered":"<p class=\"last-updated\"><strong>Mis \u00e0 jour le :<\/strong> 30\/04\/2026<\/p><h2 style=\"text-align: center;\"><strong>Louis SAUVANAUD<\/strong><\/h2>\n<p style=\"text-align: center;\"><strong>1836 \u2013 1891<\/strong><\/p>\n<p style=\"text-align: center;\"><img decoding=\"async\" title=\"\" src=\"https:\/\/lesmaconsdelacreuse.fr\/annuaire\/wp-content\/uploads\/2019\/07\/image1-992.jpg\" alt=\"\" data-asset-id=\"4583\" data-source-id=\"i.0\" \/><\/p>\n<h4 style=\"text-align: center;\"><strong><span style=\"color: #008000;\">\u25ba\u00a0<a href=\"https:\/\/www.lesmaconsdelacreuse.fr\/annuaires\/wp-content\/uploads\/2020\/07\/MA\u00ceTRE-MA\u00c7ON.png\" target=\"_blank\" rel=\"noopener noreferrer\"><span style=\"color: #008000;\">ma\u00eetre ma\u00e7on<\/span><\/a><\/span><\/strong><\/h4>\n<p>&nbsp;<\/p>\n<p style=\"text-align: center;\">n\u00e9 au Masd\u00e9rier (Morterolles)<\/p>\n<p style=\"text-align: center;\">le 19 d\u00e9cembre 1836<\/p>\n<p style=\"text-align: center;\">fils de<\/p>\n<p style=\"text-align: center;\">Fran\u00e7ois SAUVANAUD, <span style=\"color: #008000;\"><strong>ma\u00e7on \/ <\/strong><\/span>Marie FANTON<\/p>\n<p style=\"text-align: center;\">cultivateurs \u25ba<a href=\"https:\/\/www.lesmaconsdelacreuse.fr\/annuaires\/wp-content\/uploads\/2020\/08\/COLON-COLON-PARTIAIRE.png\" target=\"_blank\" rel=\"noopener noreferrer\"><span style=\"color: #000000;\">colons<\/span><\/a><\/p>\n<p style=\"text-align: center;\"><span style=\"color: #ffffff;\">\u25d9<\/span><\/p>\n<p><em>Louis, <\/em><span style=\"color: #008000;\"><strong>ma\u00e7on<\/strong><\/span><em>, \u00e9pouse Jeanne <\/em><strong>PAROT<\/strong><em> le 24 f\u00e9vrier <\/em><strong>1863<\/strong><em> \u00e0 Morterolles (contrat Berger \u00e0 Bourganeuf). Ils habitent d\u2019abord Le Masd\u00e9rier. <\/em><\/p>\n<p><strong>En 1866<\/strong><em>, Louis est seul \u00e0 <\/em><span style=\"color: #0000ff;\"><strong>Lyon (69)<\/strong><\/span><em>.<\/em><\/p>\n<p><strong>En 1874 et 1875<\/strong><em>, les \u00e9poux sont ensemble \u00e0 <\/em><span style=\"color: #0000ff;\"><strong>Caluire (69)<\/strong><\/span><em>, et habitent 118, grande rue Saint-Clair\u00a0;<\/em><\/p>\n<p><strong>en 1881 et 1883<\/strong><em>, 168, m\u00eame rue. <\/em><\/p>\n<p><em>Ils d\u00e9c\u00e8dent\u00a0:<\/em><\/p>\n<ul>\n<li><em>Louis, le 22 d\u00e9cembre <\/em><strong>1891<\/strong><em>, en leur domicile \u00e0 Caluire, 3, chemin de Vassieux, \u00e2g\u00e9 de 55 ans, <\/em><span style=\"color: #008000;\"><strong>ma\u00eetre-ma\u00e7on<\/strong><\/span><\/li>\n<li><em> Jeanne, le 4 mars <\/em><strong>1917<\/strong><em>, \u00e0 V\u00e9nissieux (69), \u00e2g\u00e9e de 75 ans<\/em><\/li>\n<\/ul>\n<p>&nbsp;<\/p>\n","protected":false},"excerpt":{"rendered":"<p>Mis \u00e0 jour le : 30\/04\/2026Louis SAUVANAUD 1836 \u2013 1891 \u25ba\u00a0ma\u00eetre ma\u00e7on &nbsp; n\u00e9 au Masd\u00e9rier (Morterolles) le 19 d\u00e9cembre 1836 fils de Fran\u00e7ois SAUVANAUD, ma\u00e7on \/ Marie FANTON cultivateurs \u25bacolons \u25d9 Louis, ma\u00e7on, \u00e9pouse Jeanne PAROT le 24 f\u00e9vrier 1863 \u00e0 Morterolles (contrat Berger \u00e0 Bourganeuf). Ils habitent d\u2019abord Le Masd\u00e9rier. En 1866, Louis ..<\/p>\n<div class=\"clear-fix\"><\/div>\n<p><a href=\"https:\/\/www.lesmaconsdelacreuse.fr\/annuaires\/lettre-s\/s_201\/\" title=\"Lire la suite...\">Lire la suite<\/a><\/p>\n","protected":false},"author":2,"featured_media":0,"comment_status":"closed","ping_status":"closed","sticky":false,"template":"","format":"standard","meta":{"_acf_changed":false,"_exactmetrics_skip_tracking":false,"_exactmetrics_sitenote_active":false,"_exactmetrics_sitenote_note":"","_exactmetrics_sitenote_category":0,"footnotes":""},"categories":[12],"tags":[],"class_list":["post-4586","post","type-post","status-publish","format-standard","hentry","category-lettre-s"],"acf":[],"_links":{"self":[{"href":"https:\/\/www.lesmaconsdelacreuse.fr\/annuaires\/wp-json\/wp\/v2\/posts\/4586","targetHints":{"allow":["GET"]}}],"collection":[{"href":"https:\/\/www.lesmaconsdelacreuse.fr\/annuaires\/wp-json\/wp\/v2\/posts"}],"about":[{"href":"https:\/\/www.lesmaconsdelacreuse.fr\/annuaires\/wp-json\/wp\/v2\/types\/post"}],"author":[{"embeddable":true,"href":"https:\/\/www.lesmaconsdelacreuse.fr\/annuaires\/wp-json\/wp\/v2\/users\/2"}],"replies":[{"embeddable":true,"href":"https:\/\/www.lesmaconsdelacreuse.fr\/annuaires\/wp-json\/wp\/v2\/comments?post=4586"}],"version-history":[{"count":0,"href":"https:\/\/www.lesmaconsdelacreuse.fr\/annuaires\/wp-json\/wp\/v2\/posts\/4586\/revisions"}],"wp:attachment":[{"href":"https:\/\/www.lesmaconsdelacreuse.fr\/annuaires\/wp-json\/wp\/v2\/media?parent=4586"}],"wp:term":[{"taxonomy":"category","embeddable":true,"href":"https:\/\/www.lesmaconsdelacreuse.fr\/annuaires\/wp-json\/wp\/v2\/categories?post=4586"},{"taxonomy":"post_tag","embeddable":true,"href":"https:\/\/www.lesmaconsdelacreuse.fr\/annuaires\/wp-json\/wp\/v2\/tags?post=4586"}],"curies":[{"name":"wp","href":"https:\/\/api.w.org\/{rel}","templated":true}]}}