{"id":4587,"date":"2019-07-28T12:11:55","date_gmt":"2019-07-28T10:11:55","guid":{"rendered":"http:\/\/lesmaconsdelacreuse.fr\/annuaire\/?p=4587"},"modified":"2020-10-08T15:01:27","modified_gmt":"2020-10-08T13:01:27","slug":"s_209","status":"publish","type":"post","link":"https:\/\/www.lesmaconsdelacreuse.fr\/annuaires\/lettre-s\/s_209\/","title":{"rendered":"SAUVANAUD Ludovic (1872-1915)"},"content":{"rendered":"<p class=\"last-updated\"><strong>Mis \u00e0 jour le :<\/strong> 30\/04\/2026<\/p><h2 style=\"text-align: center;\"><strong>Ludovic SAUVANAUD<\/strong><\/h2>\n<p style=\"text-align: center;\"><strong>1872 \u2013 1915<\/strong><\/p>\n<p style=\"text-align: center;\"><img decoding=\"async\" title=\"\" src=\"https:\/\/lesmaconsdelacreuse.fr\/annuaire\/wp-content\/uploads\/2019\/07\/image1-993.jpg\" alt=\"\" data-asset-id=\"4585\" data-source-id=\"i.0\" \/><\/p>\n<h4 style=\"text-align: center;\"><span style=\"color: #008000;\"><strong><em>\u25ba<\/em><a href=\"https:\/\/www.lesmaconsdelacreuse.fr\/annuaires\/wp-content\/uploads\/2020\/08\/CONTREMAITRE-MA\u00c7ON.png\" target=\"_blank\" rel=\"noopener noreferrer\"><span style=\"color: #008000;\">contrema\u00eetre<\/span><\/a> ma\u00e7on <\/strong>et<strong> pl\u00e2trier<\/strong><\/span><\/h4>\n<p>&nbsp;<\/p>\n<p style=\"text-align: center;\">n\u00e9 au bourg du Monteil-au-Vicomte<\/p>\n<p style=\"text-align: center;\">le 5 juillet 1872<\/p>\n<p style=\"text-align: center;\">fils de<\/p>\n<p style=\"text-align: center;\">Louis L\u00e9onard SAUVANAUD, teinturier \/ Louise CHANSARDON<\/p>\n<p style=\"text-align: center;\"><span style=\"color: #ffffff;\">\u25d9<\/span><\/p>\n<p><strong>En 1896<\/strong><em>, Ludovic, <\/em><span style=\"color: #008000;\"><strong>ma\u00e7on<\/strong><\/span><em>, travaille \u00e0 <\/em><span style=\"color: #0000ff;\"><strong>Paris (75)<\/strong><\/span><em>, et loge 4, rue Odessa.<\/em><\/p>\n<p><em> Il \u00e9pouse Louise Marie <\/em><strong>FANTON<\/strong><em>, couturi\u00e8re,<\/em> <em>le 1er mars <\/em><strong>1902<\/strong><em> au Monteil (contrat Toumieux \u00e0 Roy\u00e8re). <\/em><\/p>\n<p><strong>En 1903<\/strong><em>, de nouveau \u00e0 Paris, il habite 51, rue de Vaugirard dans le 15e arrondissement\u00a0;<\/em><\/p>\n<p><strong>en 1907<\/strong><em>, 158, boulevard Vercing\u00e9torix dans le 14e\u00a0;<\/em><\/p>\n<p><strong>en 1910<\/strong><em>, 3, rue Rosenwald, et il est <\/em><span style=\"color: #008000;\"><strong>pl\u00e2trier<\/strong><\/span><em>\u00a0;<\/em><\/p>\n<p><strong>d\u00e9but 1914<\/strong><em>, au 17 bis de la m\u00eame rue.<\/em><\/p>\n<p><em>Avant de partir au front, il est <\/em><span style=\"color: #008000;\"><strong>contrema\u00eetre ma\u00e7on<\/strong><\/span><em>.<\/em><\/p>\n<p><em>Caporal au 102e R\u00e9giment d\u2019Infanterie, il d\u00e9c\u00e8de tu\u00e9 \u00e0 l\u2019ennemi le 25 juillet <\/em><strong>1915<\/strong> <em>en Belgique, \u00e2g\u00e9 de 43 ans.<\/em><\/p>\n<p><em>Sa veuve d\u00e9c\u00e8de \u00e0 Aubusson, le 30 mai <\/em><strong>1959<\/strong><em>, \u00e2g\u00e9e de 79 ans.<\/em><\/p>\n<p>&nbsp;<\/p>\n","protected":false},"excerpt":{"rendered":"<p>Mis \u00e0 jour le : 30\/04\/2026Ludovic SAUVANAUD 1872 \u2013 1915 \u25bacontrema\u00eetre ma\u00e7on et pl\u00e2trier &nbsp; n\u00e9 au bourg du Monteil-au-Vicomte le 5 juillet 1872 fils de Louis L\u00e9onard SAUVANAUD, teinturier \/ Louise CHANSARDON \u25d9 En 1896, Ludovic, ma\u00e7on, travaille \u00e0 Paris (75), et loge 4, rue Odessa. Il \u00e9pouse Louise Marie FANTON, couturi\u00e8re, le 1er ..<\/p>\n<div class=\"clear-fix\"><\/div>\n<p><a href=\"https:\/\/www.lesmaconsdelacreuse.fr\/annuaires\/lettre-s\/s_209\/\" title=\"Lire la suite...\">Lire la suite<\/a><\/p>\n","protected":false},"author":2,"featured_media":0,"comment_status":"closed","ping_status":"closed","sticky":false,"template":"","format":"standard","meta":{"_acf_changed":false,"_exactmetrics_skip_tracking":false,"_exactmetrics_sitenote_active":false,"_exactmetrics_sitenote_note":"","_exactmetrics_sitenote_category":0,"footnotes":""},"categories":[12],"tags":[],"class_list":["post-4587","post","type-post","status-publish","format-standard","hentry","category-lettre-s"],"acf":[],"_links":{"self":[{"href":"https:\/\/www.lesmaconsdelacreuse.fr\/annuaires\/wp-json\/wp\/v2\/posts\/4587","targetHints":{"allow":["GET"]}}],"collection":[{"href":"https:\/\/www.lesmaconsdelacreuse.fr\/annuaires\/wp-json\/wp\/v2\/posts"}],"about":[{"href":"https:\/\/www.lesmaconsdelacreuse.fr\/annuaires\/wp-json\/wp\/v2\/types\/post"}],"author":[{"embeddable":true,"href":"https:\/\/www.lesmaconsdelacreuse.fr\/annuaires\/wp-json\/wp\/v2\/users\/2"}],"replies":[{"embeddable":true,"href":"https:\/\/www.lesmaconsdelacreuse.fr\/annuaires\/wp-json\/wp\/v2\/comments?post=4587"}],"version-history":[{"count":0,"href":"https:\/\/www.lesmaconsdelacreuse.fr\/annuaires\/wp-json\/wp\/v2\/posts\/4587\/revisions"}],"wp:attachment":[{"href":"https:\/\/www.lesmaconsdelacreuse.fr\/annuaires\/wp-json\/wp\/v2\/media?parent=4587"}],"wp:term":[{"taxonomy":"category","embeddable":true,"href":"https:\/\/www.lesmaconsdelacreuse.fr\/annuaires\/wp-json\/wp\/v2\/categories?post=4587"},{"taxonomy":"post_tag","embeddable":true,"href":"https:\/\/www.lesmaconsdelacreuse.fr\/annuaires\/wp-json\/wp\/v2\/tags?post=4587"}],"curies":[{"name":"wp","href":"https:\/\/api.w.org\/{rel}","templated":true}]}}