{"id":4591,"date":"2019-07-28T12:11:55","date_gmt":"2019-07-28T10:11:55","guid":{"rendered":"http:\/\/lesmaconsdelacreuse.fr\/annuaire\/?p=4591"},"modified":"2020-01-20T11:30:03","modified_gmt":"2020-01-20T10:30:03","slug":"s_218","status":"publish","type":"post","link":"https:\/\/www.lesmaconsdelacreuse.fr\/annuaires\/lettre-s\/s_218\/","title":{"rendered":"SAUVANAUD Victor (1882-1965)"},"content":{"rendered":"<p class=\"last-updated\"><strong>Mis \u00e0 jour le :<\/strong> 30\/04\/2026<\/p><h2 style=\"text-align: center;\"><strong>Victor SAUVANAUD<\/strong><\/h2>\n<p style=\"text-align: center;\"><strong>1882 \u2013 1965<\/strong><\/p>\n<p style=\"text-align: center;\"><img decoding=\"async\" title=\"\" src=\"https:\/\/lesmaconsdelacreuse.fr\/annuaire\/wp-content\/uploads\/2019\/07\/image1-995.jpg\" alt=\"\" data-asset-id=\"4589\" data-source-id=\"i.0\" \/><\/p>\n<h4 style=\"text-align: center;\"><span style=\"color: #008000;\"><strong>ma\u00e7on<\/strong><\/span><\/h4>\n<p style=\"text-align: center;\">n\u00e9 au Gu\u00e9-Chaumeix (Le Monteil-au-Vicomte)<\/p>\n<p style=\"text-align: center;\">le 18 juin 1882<\/p>\n<p style=\"text-align: center;\">fils de<\/p>\n<p style=\"text-align: center;\">Jean-Baptiste SAUVANAUD, <span style=\"color: #008000;\"><strong>ma\u00e7on<\/strong><\/span>, sabotier et meunier<\/p>\n<p style=\"text-align: center;\">Marthe \u00c9milie RADIGON<\/p>\n<p style=\"text-align: center;\">propri\u00e9taires cultivateurs<\/p>\n<p style=\"text-align: center;\"><span style=\"color: #ffffff;\">\u25d9<\/span><\/p>\n<p><strong>En 1903<\/strong><em>, Victor travaille \u00e0 <\/em><span style=\"color: #0000ff;\"><strong>Paris (75)<\/strong><\/span><em> et y passe le conseil de r\u00e9vision.<\/em><\/p>\n<p><strong>En 1906<\/strong><em><strong>,<\/strong> il loge 115, rue du Cardinal de Lorraine, dans le 15e arrondissement.<\/em><\/p>\n<p><em> Il \u00e9pouse Anna Eug\u00e9nie <\/em><strong>MICON<\/strong><em>, couturi\u00e8re, le 22 f\u00e9vrier <\/em><strong>1909<\/strong><em> \u00e0 Banize o\u00f9 ils vont habiter (mari\u00e9s sans contrat). <\/em><\/p>\n<p><em>Victor continue \u00e0 travailler \u00e0 Paris, et loge\u00a0:<\/em><\/p>\n<p>En mars 1909<em>, 12, rue de Fourcy, 14e arrondissement\u00a0;<\/em><\/p>\n<p><strong>en 1911<\/strong><em>, 6, rue du Roi de Sicile, 4e arrondissement\u00a0;<\/em><\/p>\n<p><strong>en 1912<\/strong><em>, 39, rue du Cardinal de Lorraine, 15e arrondissement.<\/em><\/p>\n<p><em> Il d\u00e9c\u00e8de \u00e0 Banize le 19 juin <\/em><strong>1965<\/strong><em>, \u00e2g\u00e9 de 83 ans.<\/em><\/p>\n","protected":false},"excerpt":{"rendered":"<p>Mis \u00e0 jour le : 30\/04\/2026Victor SAUVANAUD 1882 \u2013 1965 ma\u00e7on n\u00e9 au Gu\u00e9-Chaumeix (Le Monteil-au-Vicomte) le 18 juin 1882 fils de Jean-Baptiste SAUVANAUD, ma\u00e7on, sabotier et meunier Marthe \u00c9milie RADIGON propri\u00e9taires cultivateurs \u25d9 En 1903, Victor travaille \u00e0 Paris (75) et y passe le conseil de r\u00e9vision. En 1906, il loge 115, rue du ..<\/p>\n<div class=\"clear-fix\"><\/div>\n<p><a href=\"https:\/\/www.lesmaconsdelacreuse.fr\/annuaires\/lettre-s\/s_218\/\" title=\"Lire la suite...\">Lire la suite<\/a><\/p>\n","protected":false},"author":2,"featured_media":0,"comment_status":"closed","ping_status":"closed","sticky":false,"template":"","format":"standard","meta":{"_acf_changed":false,"_exactmetrics_skip_tracking":false,"_exactmetrics_sitenote_active":false,"_exactmetrics_sitenote_note":"","_exactmetrics_sitenote_category":0,"footnotes":""},"categories":[12],"tags":[],"class_list":["post-4591","post","type-post","status-publish","format-standard","hentry","category-lettre-s"],"acf":[],"_links":{"self":[{"href":"https:\/\/www.lesmaconsdelacreuse.fr\/annuaires\/wp-json\/wp\/v2\/posts\/4591","targetHints":{"allow":["GET"]}}],"collection":[{"href":"https:\/\/www.lesmaconsdelacreuse.fr\/annuaires\/wp-json\/wp\/v2\/posts"}],"about":[{"href":"https:\/\/www.lesmaconsdelacreuse.fr\/annuaires\/wp-json\/wp\/v2\/types\/post"}],"author":[{"embeddable":true,"href":"https:\/\/www.lesmaconsdelacreuse.fr\/annuaires\/wp-json\/wp\/v2\/users\/2"}],"replies":[{"embeddable":true,"href":"https:\/\/www.lesmaconsdelacreuse.fr\/annuaires\/wp-json\/wp\/v2\/comments?post=4591"}],"version-history":[{"count":0,"href":"https:\/\/www.lesmaconsdelacreuse.fr\/annuaires\/wp-json\/wp\/v2\/posts\/4591\/revisions"}],"wp:attachment":[{"href":"https:\/\/www.lesmaconsdelacreuse.fr\/annuaires\/wp-json\/wp\/v2\/media?parent=4591"}],"wp:term":[{"taxonomy":"category","embeddable":true,"href":"https:\/\/www.lesmaconsdelacreuse.fr\/annuaires\/wp-json\/wp\/v2\/categories?post=4591"},{"taxonomy":"post_tag","embeddable":true,"href":"https:\/\/www.lesmaconsdelacreuse.fr\/annuaires\/wp-json\/wp\/v2\/tags?post=4591"}],"curies":[{"name":"wp","href":"https:\/\/api.w.org\/{rel}","templated":true}]}}