{"id":4596,"date":"2019-07-28T12:11:18","date_gmt":"2019-07-28T10:11:18","guid":{"rendered":"http:\/\/lesmaconsdelacreuse.fr\/annuaire\/?p=4596"},"modified":"2023-01-03T16:08:50","modified_gmt":"2023-01-03T15:08:50","slug":"s_219","status":"publish","type":"post","link":"https:\/\/www.lesmaconsdelacreuse.fr\/annuaires\/lettre-s\/s_219\/","title":{"rendered":"SAUVIAT \u00c9tienne (1669-apr\u00e8s 1711)"},"content":{"rendered":"<p class=\"last-updated\"><strong>Mis \u00e0 jour le :<\/strong> 30\/04\/2026<\/p><h2 style=\"text-align: center;\"><strong>\u00c9tienne SAUVIAT<\/strong><\/h2>\n<p style=\"text-align: center;\"><strong>1669 \u2013 apr\u00e8s 1711<\/strong><\/p>\n<p style=\"text-align: center;\"><img decoding=\"async\" title=\"\" src=\"https:\/\/lesmaconsdelacreuse.fr\/annuaire\/wp-content\/uploads\/2019\/07\/image1-996.jpg\" alt=\"\" data-asset-id=\"4594\" data-source-id=\"i.0\" \/><\/p>\n<h4 style=\"text-align: center;\"><span style=\"color: #008000;\"><strong>ma\u00e7on <\/strong>et<strong> cultivateur<\/strong><\/span><\/h4>\n<p style=\"text-align: center;\">n\u00e9 \u00e0 Vaux (Roy\u00e8re)<\/p>\n<p style=\"text-align: center;\">le 1er octobre 1669<\/p>\n<p style=\"text-align: center;\">fils de<\/p>\n<p style=\"text-align: center;\">L\u00e9onard SAUVIAT \/ L\u00e9onarde BARTHON<\/p>\n<p style=\"text-align: center;\">laboureurs<\/p>\n<p style=\"text-align: center;\"><span style=\"color: #ffffff;\">\u25d9<\/span><\/p>\n<p><em>\u00c9tienne \u00e9pouse L\u00e9onarde <\/em><strong>LEBLANC<\/strong><em> le 11 f\u00e9vrier <\/em><strong>1687<\/strong><em> \u00e0 Saint-Martin-Ch\u00e2teau (contrat B\u00e9nassis \u00e0 Gentioux).<\/em><\/p>\n<p><em> Ils habitent La Chassagne, m\u00eame commune.<\/em><\/p>\n<p><em>L\u00e9onarde y d\u00e9c\u00e8de le 1er d\u00e9cembre <\/em><strong>1711<\/strong><em>, \u00e2g\u00e9e de 42 ans.<\/em><\/p>\n<p>S17<\/p>\n","protected":false},"excerpt":{"rendered":"<p>Mis \u00e0 jour le : 30\/04\/2026\u00c9tienne SAUVIAT 1669 \u2013 apr\u00e8s 1711 ma\u00e7on et cultivateur n\u00e9 \u00e0 Vaux (Roy\u00e8re) le 1er octobre 1669 fils de L\u00e9onard SAUVIAT \/ L\u00e9onarde BARTHON laboureurs \u25d9 \u00c9tienne \u00e9pouse L\u00e9onarde LEBLANC le 11 f\u00e9vrier 1687 \u00e0 Saint-Martin-Ch\u00e2teau (contrat B\u00e9nassis \u00e0 Gentioux). Ils habitent La Chassagne, m\u00eame commune. L\u00e9onarde y d\u00e9c\u00e8de le ..<\/p>\n<div class=\"clear-fix\"><\/div>\n<p><a href=\"https:\/\/www.lesmaconsdelacreuse.fr\/annuaires\/lettre-s\/s_219\/\" title=\"Lire la suite...\">Lire la suite<\/a><\/p>\n","protected":false},"author":2,"featured_media":0,"comment_status":"closed","ping_status":"closed","sticky":false,"template":"","format":"standard","meta":{"_acf_changed":false,"_exactmetrics_skip_tracking":false,"_exactmetrics_sitenote_active":false,"_exactmetrics_sitenote_note":"","_exactmetrics_sitenote_category":0,"footnotes":""},"categories":[12],"tags":[],"class_list":["post-4596","post","type-post","status-publish","format-standard","hentry","category-lettre-s"],"acf":[],"_links":{"self":[{"href":"https:\/\/www.lesmaconsdelacreuse.fr\/annuaires\/wp-json\/wp\/v2\/posts\/4596","targetHints":{"allow":["GET"]}}],"collection":[{"href":"https:\/\/www.lesmaconsdelacreuse.fr\/annuaires\/wp-json\/wp\/v2\/posts"}],"about":[{"href":"https:\/\/www.lesmaconsdelacreuse.fr\/annuaires\/wp-json\/wp\/v2\/types\/post"}],"author":[{"embeddable":true,"href":"https:\/\/www.lesmaconsdelacreuse.fr\/annuaires\/wp-json\/wp\/v2\/users\/2"}],"replies":[{"embeddable":true,"href":"https:\/\/www.lesmaconsdelacreuse.fr\/annuaires\/wp-json\/wp\/v2\/comments?post=4596"}],"version-history":[{"count":1,"href":"https:\/\/www.lesmaconsdelacreuse.fr\/annuaires\/wp-json\/wp\/v2\/posts\/4596\/revisions"}],"predecessor-version":[{"id":203547,"href":"https:\/\/www.lesmaconsdelacreuse.fr\/annuaires\/wp-json\/wp\/v2\/posts\/4596\/revisions\/203547"}],"wp:attachment":[{"href":"https:\/\/www.lesmaconsdelacreuse.fr\/annuaires\/wp-json\/wp\/v2\/media?parent=4596"}],"wp:term":[{"taxonomy":"category","embeddable":true,"href":"https:\/\/www.lesmaconsdelacreuse.fr\/annuaires\/wp-json\/wp\/v2\/categories?post=4596"},{"taxonomy":"post_tag","embeddable":true,"href":"https:\/\/www.lesmaconsdelacreuse.fr\/annuaires\/wp-json\/wp\/v2\/tags?post=4596"}],"curies":[{"name":"wp","href":"https:\/\/api.w.org\/{rel}","templated":true}]}}